{"id":17049,"date":"2025-02-08T13:06:50","date_gmt":"2025-02-08T10:06:50","guid":{"rendered":"https:\/\/www.egemtv.com\/?p=17049"},"modified":"2025-02-08T13:06:56","modified_gmt":"2025-02-08T10:06:56","slug":"mugla-buyuksehirden-ula-atakoye-13-5-milyonluk-yol-yatirimi","status":"publish","type":"post","link":"https:\/\/www.egemtv.com\/?p=17049","title":{"rendered":"Mu\u011fla B\u00fcy\u00fck\u015fehir\u2019den Ula Atak\u00f6y\u2019e 13.5 milyonluk yol yat\u0131r\u0131m\u0131"},"content":{"rendered":"<p>13 il\u00e7esi, 574 mahallesi olan Mu\u011fla\u2019da vatanda\u015flar\u0131n g\u00fcvenli ve modern yollarla ula\u015f\u0131m\u0131n\u0131 sa\u011flamak amac\u0131yla B\u00fcy\u00fck\u015fehir Belediyesi yol yap\u0131m \u00e7al\u0131\u015fmalar\u0131na devam ediyor. B\u00fcy\u00fck\u015fehir Belediyesi, Ula \u0130l\u00e7esi Atak\u00f6y Mahallesi Zeytinbeleni yolunda 13.5 milyon liral\u0131k yat\u0131r\u0131mla yol yap\u0131m \u00e7al\u0131\u015fmas\u0131na ba\u015flad\u0131.<br \/>\n<br \/>Atak\u00f6y Mahallesi\u2019ne 13.5 milyon liral\u0131k yat\u0131r\u0131m<br \/>\n<br \/>Ula Belediyesi\u2019nin yetki ve sorumluluk alan\u0131nda bulunan Atak\u00f6y Mahallesi Zeytinbeleni yolu yap\u0131lan protokolle Mu\u011fla B\u00fcy\u00fck\u015fehir Belediyesi\u2019ne devredildi ve yol \u00e7al\u0131\u015fmalar\u0131 B\u00fcy\u00fck\u015fehir Belediyesi taraf\u0131ndan yap\u0131lacak. 13.5 milyon liral\u0131k yat\u0131r\u0131mla hayata ge\u00e7irilen toplam 2 bin 500 metre uzunlu\u011fundaki yol \u00e7al\u0131\u015fmas\u0131n\u0131n 2 bin metrelik k\u0131sm\u0131 Atak\u00f6y Mahalle yolunu, 500 metrelik k\u0131sm\u0131 ise \u00c7\u0131tl\u0131k Mahallesi ba\u011flant\u0131 yolunu kaps\u0131yor.<br \/>\n<br \/>Yol \u00e7al\u0131\u015fmas\u0131 k\u0131sa s\u00fcrede tamamlanacak<br \/>\n<br \/>B\u00fcy\u00fck\u015fehir Belediyesi ekipleri, mevcut sathi kaplaman\u0131n s\u00f6k\u00fcm\u00fc, gev\u015fek tabii zeminin kaz\u0131larak iyile\u015ftirilmesi ve reglaj i\u015flerine ba\u015flad\u0131. \u00c7al\u0131\u015fmalar kapsam\u0131nda plent mix temeli ve 2 bin 500 metre s\u0131cak asfalt \u00e7al\u0131\u015fmas\u0131 h\u0131z kesmeden devam edecek. Yol \u00e7al\u0131\u015fmas\u0131 k\u0131sa s\u00fcrede tamamlanacak olup ard\u0131ndan yol vatanda\u015flar\u0131n kullan\u0131m\u0131na sunulacak. Vatanda\u015flar\u0131n can ve mal g\u00fcvenli\u011fi i\u00e7in \u00e7al\u0131\u015fmalar esnas\u0131nda yol trafi\u011fe kapal\u0131 olacak.<br \/>\n<br \/>Atak\u00f6y Mahalle Muhtar\u0131 Cafer \u00d6zcan, &#8220;Yakla\u015f\u0131k 2 senedir Mahallemizin yollar\u0131nda s\u0131k\u0131nt\u0131lar ya\u015f\u0131yorduk. Mu\u011fla B\u00fcy\u00fck\u015fehir Belediyemize ba\u015fvuruda bulunduk. Sa\u011f olsun gelip incelediler ve hemen \u00e7al\u0131\u015fmalar\u0131na ba\u015flad\u0131lar. Mahallem ve \u015fahs\u0131m ad\u0131na Mu\u011fla B\u00fcy\u00fck\u015fehir Belediye Ba\u015fkan\u0131 Ahmet Aras\u2019a ve b\u00fct\u00fcn \u00e7al\u0131\u015fanlara te\u015fekk\u00fcr ederim&#8221; dedi.<br \/>\n<br \/>Mu\u011fla B\u00fcy\u00fck\u015fehir Belediyesi Yol, Proje ve Yap\u0131m \u015eube M\u00fcd\u00fcrl\u00fc\u011f\u00fcnde g\u00f6revli \u0130n\u015faat M\u00fchendisi \u0130pek Dela Ayd\u0131n, &#8220;Ula \u0130l\u00e7esi Atak\u00f6y Mahallemiz Zeytinbeleni yolunda yol yap\u0131m \u00e7al\u0131\u015fmalar\u0131m\u0131za ba\u015flad\u0131k. 2500 metre uzunlu\u011funda olan yol yap\u0131m \u00e7al\u0131\u015fmam\u0131z k\u0131sa s\u00fcrede tamamlanacak olup akabinde vatanda\u015flar\u0131m\u0131z\u0131n kullan\u0131m\u0131na sunulacak. B\u00fcy\u00fck\u015fehir Belediye Ba\u015fkan\u0131m\u0131z Say\u0131n Ahmet Aras\u2019\u0131n D\u00fcnya Kenti Mu\u011fla vizyonu do\u011frultusunda 13.5 milyon liral\u0131k bir yat\u0131r\u0131mla hayata ge\u00e7irilecek olan yolumuzun \u015fimdiden keyifli ve g\u00fcvenli bir ula\u015f\u0131m\u0131n par\u00e7as\u0131 olmas\u0131n\u0131 temenni ediyoruz&#8221; diye konu\u015ftu.<br \/>\n<br \/>K\u0131y\u0131 Ege Belediyeler Birli\u011fi ve Mu\u011fla B\u00fcy\u00fck\u015fehir Belediye Ba\u015fkan\u0131 Ahmet Aras, &#8220;Vatanda\u015flar\u0131m\u0131z\u0131n ihtiya\u00e7lar\u0131n\u0131 g\u00f6z \u00f6n\u00fcnde bulundurarak Mu\u011flam\u0131z\u0131n t\u00fcm il\u00e7elerinde yat\u0131r\u0131mlar\u0131m\u0131za devam ediyoruz. Bu kapsamda, Ula \u0130l\u00e7emizin Atak\u00f6y Mahallesinde yol yap\u0131m \u00e7al\u0131\u015fmalar\u0131m\u0131za ba\u015flad\u0131k. Bu proje kapsam\u0131nda, mevcut yolun zemini g\u00fc\u00e7lendirilerek s\u0131cak asfalt kaplama ile uzun \u00f6m\u00fcrl\u00fc ve g\u00fcvenli bir ula\u015f\u0131m a\u011f\u0131 olu\u015fturaca\u011f\u0131z. Ekiplerimiz k\u0131sa s\u00fcrede \u00e7al\u0131\u015fmalar\u0131n\u0131 tamamlayarak yolun daha g\u00fcvenli ve konforlu hale getirilmesini sa\u011flayacak. B\u00fcy\u00fck\u015fehir Belediyesi olarak Mu\u011fla\u2019m\u0131z\u0131n her k\u00f6\u015fesinde ula\u015f\u0131m\u0131 iyile\u015ftirmek i\u00e7in var g\u00fcc\u00fcm\u00fczle \u00e7al\u0131\u015fmaya devam edece\u011fiz&#8221; dedi.<br \/><\/p>\n","protected":false},"excerpt":{"rendered":"<p>13 il\u00e7esi, 574 mahallesi olan Mu\u011fla\u2019da vatanda\u015flar\u0131n g\u00fcvenli ve modern yollarla ula\u015f\u0131m\u0131n\u0131 sa\u011flamak amac\u0131yla B\u00fcy\u00fck\u015fehir Belediyesi yol yap\u0131m \u00e7al\u0131\u015fmalar\u0131na devam ediyor. B\u00fcy\u00fck\u015fehir Belediyesi, Ula \u0130l\u00e7esi Atak\u00f6y Mahallesi Zeytinbeleni yolunda 13.5 milyon liral\u0131k yat\u0131r\u0131mla yol yap\u0131m \u00e7al\u0131\u015fmas\u0131na ba\u015flad\u0131. Atak\u00f6y Mahallesi\u2019ne 13.5 milyon liral\u0131k yat\u0131r\u0131m Ula Belediyesi\u2019nin yetki ve sorumluluk alan\u0131nda bulunan Atak\u00f6y Mahallesi Zeytinbeleni yolu yap\u0131lan&#8230;<\/p>\n","protected":false},"author":1,"featured_media":17050,"comment_status":"open","ping_status":"open","sticky":false,"template":"","format":"standard","meta":{"_crdt_document":"","footnotes":""},"categories":[125],"tags":[],"class_list":["post-17049","post","type-post","status-publish","format-standard","has-post-thumbnail","hentry","category-ekonomi"],"_links":{"self":[{"href":"https:\/\/www.egemtv.com\/index.php?rest_route=\/wp\/v2\/posts\/17049","targetHints":{"allow":["GET"]}}],"collection":[{"href":"https:\/\/www.egemtv.com\/index.php?rest_route=\/wp\/v2\/posts"}],"about":[{"href":"https:\/\/www.egemtv.com\/index.php?rest_route=\/wp\/v2\/types\/post"}],"author":[{"embeddable":true,"href":"https:\/\/www.egemtv.com\/index.php?rest_route=\/wp\/v2\/users\/1"}],"replies":[{"embeddable":true,"href":"https:\/\/www.egemtv.com\/index.php?rest_route=%2Fwp%2Fv2%2Fcomments&post=17049"}],"version-history":[{"count":1,"href":"https:\/\/www.egemtv.com\/index.php?rest_route=\/wp\/v2\/posts\/17049\/revisions"}],"predecessor-version":[{"id":17051,"href":"https:\/\/www.egemtv.com\/index.php?rest_route=\/wp\/v2\/posts\/17049\/revisions\/17051"}],"wp:featuredmedia":[{"embeddable":true,"href":"https:\/\/www.egemtv.com\/index.php?rest_route=\/wp\/v2\/media\/17050"}],"wp:attachment":[{"href":"https:\/\/www.egemtv.com\/index.php?rest_route=%2Fwp%2Fv2%2Fmedia&parent=17049"}],"wp:term":[{"taxonomy":"category","embeddable":true,"href":"https:\/\/www.egemtv.com\/index.php?rest_route=%2Fwp%2Fv2%2Fcategories&post=17049"},{"taxonomy":"post_tag","embeddable":true,"href":"https:\/\/www.egemtv.com\/index.php?rest_route=%2Fwp%2Fv2%2Ftags&post=17049"}],"curies":[{"name":"wp","href":"https:\/\/api.w.org\/{rel}","templated":true}]}}