{"id":17046,"date":"2025-02-08T13:06:45","date_gmt":"2025-02-08T10:06:45","guid":{"rendered":"https:\/\/www.egemtv.com\/?p=17046"},"modified":"2025-02-08T13:06:50","modified_gmt":"2025-02-08T10:06:50","slug":"baskan-ceritoglu-sengelden-mecliste-firin-ve-ogrenci-otobusu-mujdesi","status":"publish","type":"post","link":"https:\/\/www.egemtv.com\/?p=17046","title":{"rendered":"Ba\u015fkan Cerito\u011flu Sengel\u2019den, mecliste f\u0131r\u0131n ve \u00f6\u011frenci otob\u00fcs\u00fc m\u00fcjdesi"},"content":{"rendered":"<p>Sel\u00e7uk Belediye Ba\u015fkan\u0131 Filiz Cerito\u011flu Sengel, kent g\u00fcndemine ve belediye \u00e7al\u0131\u015fmalar\u0131na ili\u015fkin \u00f6nemli a\u00e7\u0131klamalar yaparak vatanda\u015flara m\u00fcjde verdi. Ba\u015fkan Cerito\u011flu Sengel: &#8220;\u00c7ok zor zamanlara ra\u011fmen biz \u00fcretmeye devam ediyoruz. F\u0131r\u0131n\u0131m\u0131z\u0131 yap\u0131yoruz, kent lokantas\u0131, \u00f6\u011frenci otob\u00fcs\u00fcm\u00fcz\u00fcn ikincisini a\u00e7\u0131yoruz. Sel\u00e7uk\u2019a ger\u00e7ek anlamda Halk Ekmek b\u00fcfelerini kazand\u0131rmak i\u00e7in Belevi\u2019de f\u0131r\u0131n\u0131m\u0131z\u0131 a\u00e7\u0131yoruz&#8221; dedi.<br \/>\n<br \/>Sel\u00e7uk Belediye Meclisi \u015eubat ay\u0131 Meclis Toplant\u0131s\u0131n\u0131n ikinci oturumu Meryem Ana Evi n\u00f6bet alan\u0131nda bulunan mobil makamda yap\u0131ld\u0131. Toplant\u0131n\u0131n dilek ve temenniler k\u0131sm\u0131nda kent g\u00fcndemine ve belediye \u00e7al\u0131\u015fmalar\u0131na ili\u015fkin \u00f6nemli a\u00e7\u0131klamalar yapan Ba\u015fkan Cerito\u011flu Sengel, vatanda\u015flara m\u00fcjde vererek \u00f6\u011frenci otob\u00fcslerinin ikincisini a\u00e7maya haz\u0131rland\u0131klar\u0131n\u0131 ve Belevi\u2019de de bir Halk Ekmek f\u0131r\u0131n\u0131 a\u00e7acaklar\u0131n\u0131 duyurdu. \u00c7ar\u015f\u0131da devam eden alt yap\u0131 \u00e7al\u0131\u015fmalar\u0131 ile ilgili bilgi veren Ba\u015fkan Cerito\u011flu Sengel: &#8220;Altyap\u0131 kurumlar\u0131 \u00e7al\u0131\u015fmalar\u0131na devam ediyorlar. Buna ili\u015fkin olarak \u00fcst yap\u0131y\u0131 da Sel\u00e7uk Belediyesi yapacak. \u00dcst kaplamaya ili\u015fkin ihale yap\u0131lamad\u0131\u011f\u0131na dair s\u00f6ylentiler duyuyoruz. Bizim ihalemiz ocak ay\u0131 i\u00e7erisinde yap\u0131ld\u0131. 3 \u015eubat itibariyle de s\u00f6zle\u015fmemiz yap\u0131ld\u0131. Hi\u00e7 kimse merak etmesin. 15- 20 \u015eubat gibi altyap\u0131 kurumlar\u0131n\u0131n i\u015fleri bittikten sonra da m\u00fcteahhitlerimiz i\u015fin i\u00e7erisine girerek i\u015flemlere ba\u015flayacak. Takvimimiz olabildi\u011fince, olmas\u0131 gerekti\u011fi \u015fekilde bilfiil ifa ediliyor. \u00c7al\u0131\u015fmalar her \u015feye ra\u011fmen, her t\u00fcrl\u00fc yoklu\u011fa, her t\u00fcrl\u00fc engellemeye ra\u011fmen olmas\u0131 gereken rutinde ilerliyor.  Son olarak esnaf\u0131m\u0131zla yapt\u0131\u011f\u0131m\u0131z toplant\u0131da da \u00e7ar\u015f\u0131m\u0131z\u0131n \u00fcst yap\u0131s\u0131nda meydana gelecek de\u011fi\u015fiklikleri de tart\u0131\u015ft\u0131k. \u00c7ar\u015f\u0131 esnaf\u0131na ve \u00e7ar\u015f\u0131 sakinlerine sorduk. Esnaf\u0131m\u0131z\u0131n s\u00f6ylediklerinden \u00e7\u0131kan esaslara g\u00f6re yol almaya karar verdik. Yak\u0131n bir zamanda Cengiz Topel ve Siegburg Caddesi\u2019nde tutmam\u0131\u015f olan Arap Yaseminlerini de Ahmet Ferahl\u0131 Park\u0131\u2019na ta\u015f\u0131yaca\u011f\u0131z. Bu karar da halkla ve teknik destekle verdi\u011fimiz bir karard\u0131r&#8221; dedi.<\/p>\n<p>&#8220;Kimseyi ma\u011fdur etmeyece\u011fiz&#8221;<br \/>\n<br \/>12 Aral\u0131k\u2019ta Sel\u00e7uk Kent Konseyi taraf\u0131ndan yap\u0131lan Yoksulluk ve Kent Hakk\u0131 \u00c7al\u0131\u015ftay\u0131n\u0131n sosyal konutlar ile ilgili anket sonu\u00e7lar\u0131 hakk\u0131nda bilgi veren Ba\u015fkan Cerito\u011flu Sengel, sosyal konutlarla ilgili yeni bir de\u011ferlendirme s\u00fcrecine gidilece\u011fini belirtti.<br \/>\n<br \/>\u00c7\u0131kan sonu\u00e7lar do\u011frultusunda sosyal konutlar\u0131n i\u015flevine uygun bir \u015fekilde kullan\u0131lmas\u0131 i\u00e7in kent konseyi ve muhtarlar\u0131n \u00f6nc\u00fcl\u00fc\u011f\u00fcnde kurulacak bir komisyonun Sosyal Konutlarda ikamet edecek vatanda\u015flar\u0131n se\u00e7imi i\u00e7in karar verece\u011fini dile getiren Ba\u015fkan Cerito\u011flu Sengel; &#8220;Ekonomik durumu k\u00f6t\u00fc olanlarla, ihtiyac\u0131 olanlarla ilgili herhangi bir durumumuz s\u00f6z konusu olmayacak. Biz kimseyi ma\u011fdur etmeyiz ama adil bir d\u00fczeni olu\u015fturmak i\u00e7in do\u011fruyu buldu\u011fumuz zaman da devam etmemiz gerekiyor. Karar Filiz Cerito\u011flu Sengel\u2019in karar\u0131 de\u011fil, karar Sel\u00e7uk Belediyesi idaresinin karar\u0131 de\u011fil karar Sel\u00e7uk halk\u0131n\u0131n karar\u0131d\u0131r. Bu y\u00fczden Kent Konseyi taraf\u0131ndan yap\u0131lm\u0131\u015f olan \u00e7al\u0131\u015ftaylar\u0131 \u00f6nemsiyoruz&#8221; diye konu\u015ftu.<\/p>\n<p>&#8220;Bayra\u011f\u0131m\u0131z\u0131n sallanmas\u0131 bile \u00e7ok de\u011ferli&#8221;<br \/>\n<br \/>Meryem Ana Evi otopark gelirleri ile ilgili m\u00fccadele devam ederken Efes Alt kap\u0131da bulunan esnaf\u0131n durumuyla ilgili de uyar\u0131 yapan Ba\u015fkan Cerito\u011flu Sengel: &#8220;Bundan 3 y\u0131l kadar \u00f6nce Efes Alt Kap\u0131 otopark gelirlerinin ki, belediye b\u00fct\u00e7esinde \u00e7ok y\u00fcksek bir orana sahip olmamas\u0131na ra\u011fmen, belediyede kalmas\u0131 i\u00e7in m\u00fccadele ettik. Biliyorduk ki biz e\u011fer oradan \u00e7\u0131karsak orada bir tane esnaf\u0131 b\u0131rakmazlar. Orada bayra\u011f\u0131m\u0131z\u0131n sallanmas\u0131 bile \u00e7ok k\u0131ymetliydi. Ancak gelinen noktada Efes Alt Kap\u0131da otopark\u0131n yerinin de\u011fi\u015fmesi, yakla\u015f\u0131k 9 aydan beri K\u00fclt\u00fcr ve Turizm Bakan\u0131m\u0131z Say\u0131n Mehmet Nuri Ersoy\u2019dan randevu talep etmeme ra\u011fmen verilmeyen randevu ve M\u00fczeler Genel M\u00fcd\u00fcrl\u00fc\u011f\u00fc taraf\u0131ndan d\u00fczenlenen esnafla beraber davet edildi\u011fimiz toplant\u0131larda esnaf\u0131n tavr\u0131ndan, tarz\u0131ndan anlad\u0131\u011f\u0131m\u0131z odur ki bir m\u00fccadele i\u00e7erisine girmeyecekler. Sadece \u00fc\u00e7 d\u00f6rt ki\u015finin talebi b\u00f6yle olmamas\u0131 y\u00f6n\u00fcnde. Di\u011ferleri de &#8220;az olsun bizim olsun aman biz de olal\u0131m&#8221; gibi bir noktadalar ama sonra \u00e7ok pi\u015fman olacaklar&#8221; diyerek s\u00f6zlerini noktalad\u0131.<br \/><\/p>\n","protected":false},"excerpt":{"rendered":"<p>Sel\u00e7uk Belediye Ba\u015fkan\u0131 Filiz Cerito\u011flu Sengel, kent g\u00fcndemine ve belediye \u00e7al\u0131\u015fmalar\u0131na ili\u015fkin \u00f6nemli a\u00e7\u0131klamalar yaparak vatanda\u015flara m\u00fcjde verdi. Ba\u015fkan Cerito\u011flu Sengel: &#8220;\u00c7ok zor zamanlara ra\u011fmen biz \u00fcretmeye devam ediyoruz. F\u0131r\u0131n\u0131m\u0131z\u0131 yap\u0131yoruz, kent lokantas\u0131, \u00f6\u011frenci otob\u00fcs\u00fcm\u00fcz\u00fcn ikincisini a\u00e7\u0131yoruz. Sel\u00e7uk\u2019a ger\u00e7ek anlamda Halk Ekmek b\u00fcfelerini kazand\u0131rmak i\u00e7in Belevi\u2019de f\u0131r\u0131n\u0131m\u0131z\u0131 a\u00e7\u0131yoruz&#8221; dedi. Sel\u00e7uk Belediye Meclisi \u015eubat ay\u0131 Meclis&#8230;<\/p>\n","protected":false},"author":1,"featured_media":17047,"comment_status":"open","ping_status":"open","sticky":false,"template":"","format":"standard","meta":{"_crdt_document":"","footnotes":""},"categories":[127],"tags":[],"class_list":["post-17046","post","type-post","status-publish","format-standard","has-post-thumbnail","hentry","category-siyaset"],"_links":{"self":[{"href":"https:\/\/www.egemtv.com\/index.php?rest_route=\/wp\/v2\/posts\/17046","targetHints":{"allow":["GET"]}}],"collection":[{"href":"https:\/\/www.egemtv.com\/index.php?rest_route=\/wp\/v2\/posts"}],"about":[{"href":"https:\/\/www.egemtv.com\/index.php?rest_route=\/wp\/v2\/types\/post"}],"author":[{"embeddable":true,"href":"https:\/\/www.egemtv.com\/index.php?rest_route=\/wp\/v2\/users\/1"}],"replies":[{"embeddable":true,"href":"https:\/\/www.egemtv.com\/index.php?rest_route=%2Fwp%2Fv2%2Fcomments&post=17046"}],"version-history":[{"count":1,"href":"https:\/\/www.egemtv.com\/index.php?rest_route=\/wp\/v2\/posts\/17046\/revisions"}],"predecessor-version":[{"id":17048,"href":"https:\/\/www.egemtv.com\/index.php?rest_route=\/wp\/v2\/posts\/17046\/revisions\/17048"}],"wp:featuredmedia":[{"embeddable":true,"href":"https:\/\/www.egemtv.com\/index.php?rest_route=\/wp\/v2\/media\/17047"}],"wp:attachment":[{"href":"https:\/\/www.egemtv.com\/index.php?rest_route=%2Fwp%2Fv2%2Fmedia&parent=17046"}],"wp:term":[{"taxonomy":"category","embeddable":true,"href":"https:\/\/www.egemtv.com\/index.php?rest_route=%2Fwp%2Fv2%2Fcategories&post=17046"},{"taxonomy":"post_tag","embeddable":true,"href":"https:\/\/www.egemtv.com\/index.php?rest_route=%2Fwp%2Fv2%2Ftags&post=17046"}],"curies":[{"name":"wp","href":"https:\/\/api.w.org\/{rel}","templated":true}]}}