{"id":17043,"date":"2025-02-08T13:06:43","date_gmt":"2025-02-08T10:06:43","guid":{"rendered":"https:\/\/www.egemtv.com\/?p=17043"},"modified":"2025-02-08T13:06:44","modified_gmt":"2025-02-08T10:06:44","slug":"genclere-sistematik-olarak-suc-isleten-32-kisilik-orgut-cokertildi","status":"publish","type":"post","link":"https:\/\/www.egemtv.com\/?p=17043","title":{"rendered":"Gen\u00e7lere sistematik olarak su\u00e7 i\u015fleten 32 ki\u015filik \u00f6rg\u00fct \u00e7\u00f6kertildi"},"content":{"rendered":"<p>Denizli merkezli olarak polisin 4 ilde d\u00fczenledi\u011fi e\u015f zamanl\u0131 operasyonlarda, gen\u00e7leri kullanarak sistematik ve \u00f6rg\u00fctl\u00fc bir \u015fekilde su\u00e7 i\u015fleyen 32 ki\u015filik silahl\u0131 \u00f6rg\u00fct \u00e7\u00f6kertildi.<\/p>\n<p>Denizli \u0130l Emniyet M\u00fcd\u00fcrl\u00fc\u011f\u00fc Ka\u00e7ak\u00e7\u0131l\u0131k ve Organize Su\u00e7larla M\u00fccadele \u015eube M\u00fcd\u00fcrl\u00fc\u011f\u00fc ekipleri, &#8220;Kasten \u00d6ld\u00fcrme, Kasten Yaralama, \u0130\u015fyeri Kur\u015funlama, Nitelikli Ya\u011fma, Yasad\u0131\u015f\u0131 Silah Ticareti ve Nitelikli Doland\u0131r\u0131c\u0131l\u0131k&#8221; su\u00e7lar\u0131na kar\u0131\u015ft\u0131klar\u0131 belirlenen organize bir su\u00e7 \u00f6rg\u00fct\u00fcn\u00fc takibe ald\u0131. 18-25 ya\u015f aral\u0131\u011f\u0131ndaki gen\u00e7leri kullanarak sistematik ve \u00f6rg\u00fctl\u00fc bir \u015fekilde su\u00e7lar\u0131 ger\u00e7ekle\u015ftiren \u00e7\u0131kar ama\u00e7l\u0131 silahl\u0131 su\u00e7 \u00f6rg\u00fct\u00fcn\u00fcn \u00e7\u00f6kertilmesi i\u00e7in yap\u0131lan fiziki ve teknik takibin ard\u0131ndan operasyon i\u00e7in d\u00fc\u011fmeye bas\u0131ld\u0131.<\/p>\n<p>Yeterli bilgi ve delile ula\u015fan polis ekiplerinin Denizli merkezli olarak Afyonkarahisar, Ankara ve Bing\u00f6l illerinde d\u00fczenlendi\u011fi e\u015f zamanl\u0131 operasyonlar neticesinde 33 \u015f\u00fcpheli yakaland\u0131. \u015e\u00fcphelilere ait 19 farkl\u0131 adreste yap\u0131lan aramalarda 23 adet ruhsats\u0131z tabanca, 6 adet pompal\u0131 t\u00fcfek, 62 adet fi\u015fek, 1 adet 6136 SKM kapsam\u0131nda b\u0131\u00e7ak, 1 adet mu\u015fta ve \u00e7ok say\u0131da dijital materyal ele ge\u00e7irildi.<\/p>\n<p>E\u015f zamanl\u0131 operasyonlarda g\u00f6zalt\u0131na al\u0131nan \u015f\u00fcpheliler Denizli\u2019ye getirildi. Emniyetteki i\u015flemlerinin ard\u0131ndan &#8220;\u00c7\u0131kar Ama\u00e7l\u0131 Silahl\u0131 Su\u00e7 \u00d6rg\u00fct\u00fc Kurmak, Y\u00f6netmek ve \u00dcye Olmak&#8221; su\u00e7undan adli makamlara sevk edilen 1 \u015f\u00fcpheli adli kontrol \u015fart\u0131yla serbest b\u0131rak\u0131l\u0131rken, 32 \u015f\u00fcpheli ise tutuklanarak cezaevine g\u00f6nderildi.<br \/><\/p>\n","protected":false},"excerpt":{"rendered":"<p>Denizli merkezli olarak polisin 4 ilde d\u00fczenledi\u011fi e\u015f zamanl\u0131 operasyonlarda, gen\u00e7leri kullanarak sistematik ve \u00f6rg\u00fctl\u00fc bir \u015fekilde su\u00e7 i\u015fleyen 32 ki\u015filik silahl\u0131 \u00f6rg\u00fct \u00e7\u00f6kertildi. Denizli \u0130l Emniyet M\u00fcd\u00fcrl\u00fc\u011f\u00fc Ka\u00e7ak\u00e7\u0131l\u0131k ve Organize Su\u00e7larla M\u00fccadele \u015eube M\u00fcd\u00fcrl\u00fc\u011f\u00fc ekipleri, &#8220;Kasten \u00d6ld\u00fcrme, Kasten Yaralama, \u0130\u015fyeri Kur\u015funlama, Nitelikli Ya\u011fma, Yasad\u0131\u015f\u0131 Silah Ticareti ve Nitelikli Doland\u0131r\u0131c\u0131l\u0131k&#8221; su\u00e7lar\u0131na kar\u0131\u015ft\u0131klar\u0131 belirlenen organize bir&#8230;<\/p>\n","protected":false},"author":1,"featured_media":17044,"comment_status":"open","ping_status":"open","sticky":false,"template":"","format":"standard","meta":{"_crdt_document":"","footnotes":""},"categories":[5],"tags":[],"class_list":["post-17043","post","type-post","status-publish","format-standard","has-post-thumbnail","hentry","category-asayis"],"_links":{"self":[{"href":"https:\/\/www.egemtv.com\/index.php?rest_route=\/wp\/v2\/posts\/17043","targetHints":{"allow":["GET"]}}],"collection":[{"href":"https:\/\/www.egemtv.com\/index.php?rest_route=\/wp\/v2\/posts"}],"about":[{"href":"https:\/\/www.egemtv.com\/index.php?rest_route=\/wp\/v2\/types\/post"}],"author":[{"embeddable":true,"href":"https:\/\/www.egemtv.com\/index.php?rest_route=\/wp\/v2\/users\/1"}],"replies":[{"embeddable":true,"href":"https:\/\/www.egemtv.com\/index.php?rest_route=%2Fwp%2Fv2%2Fcomments&post=17043"}],"version-history":[{"count":1,"href":"https:\/\/www.egemtv.com\/index.php?rest_route=\/wp\/v2\/posts\/17043\/revisions"}],"predecessor-version":[{"id":17045,"href":"https:\/\/www.egemtv.com\/index.php?rest_route=\/wp\/v2\/posts\/17043\/revisions\/17045"}],"wp:featuredmedia":[{"embeddable":true,"href":"https:\/\/www.egemtv.com\/index.php?rest_route=\/wp\/v2\/media\/17044"}],"wp:attachment":[{"href":"https:\/\/www.egemtv.com\/index.php?rest_route=%2Fwp%2Fv2%2Fmedia&parent=17043"}],"wp:term":[{"taxonomy":"category","embeddable":true,"href":"https:\/\/www.egemtv.com\/index.php?rest_route=%2Fwp%2Fv2%2Fcategories&post=17043"},{"taxonomy":"post_tag","embeddable":true,"href":"https:\/\/www.egemtv.com\/index.php?rest_route=%2Fwp%2Fv2%2Ftags&post=17043"}],"curies":[{"name":"wp","href":"https:\/\/api.w.org\/{rel}","templated":true}]}}