{"id":17040,"date":"2025-02-08T12:48:14","date_gmt":"2025-02-08T09:48:14","guid":{"rendered":"https:\/\/www.egemtv.com\/?p=17040"},"modified":"2025-02-08T12:48:19","modified_gmt":"2025-02-08T09:48:19","slug":"koycegizde-ogretmenler-zumre-toplantilarini-tamamladi","status":"publish","type":"post","link":"https:\/\/www.egemtv.com\/?p=17040","title":{"rendered":"K\u00f6yce\u011fiz\u2019de \u00f6\u011fretmenler z\u00fcmre toplant\u0131lar\u0131n\u0131 tamamlad\u0131"},"content":{"rendered":"<p>Mu\u011fla\u2019n\u0131n K\u00f6yce\u011fiz il\u00e7esinde \u0130l\u00e7e Milli E\u011fitim M\u00fcd\u00fcrl\u00fc\u011f\u00fc\u2019nde g\u00f6revli \u00f6\u011fretmenler 2. D\u00f6nem \u0130l\u00e7e Z\u00fcmre toplant\u0131lar\u0131n\u0131 tamamlad\u0131.<\/p>\n<p>\u00d6\u011fretmenler, K\u00f6yce\u011fiz Atat\u00fcrk Ortaokulu, Fehmi Ba\u015fo\u011flu \u0130lkokulu, K\u00f6yce\u011fiz Anadolu Lisesi\u2019nde bir araya gelerek 2. E\u011fitim d\u00f6neminde yap\u0131lacak e\u011fitim \u00f6\u011fretim faaliyetleri ile ilgili \u00f6nemli kararlar ald\u0131. K\u00f6yce\u011fiz \u0130l\u00e7e Milli E\u011fitim M\u00fcd\u00fcr\u00fc Kerem Karahan ve \u015eube M\u00fcd\u00fcr\u00fc Dr. Avni Aytekin de il\u00e7e z\u00fcmre \u00f6\u011fretmenleri toplant\u0131s\u0131nda \u00f6\u011fretmenlerle bir araya gelerek isti\u015farelerde bulundu. K\u00f6yce\u011fiz\u2019de yap\u0131lan 2. d\u00f6nem ba\u015f\u0131 z\u00fcmre toplant\u0131lar\u0131nda, e\u011fitimde kaliteyi artt\u0131rmak, il\u00e7e ve \u00fclke genelinde birlikteli\u011fin sa\u011flanmas\u0131na y\u00f6nelik stratejiler ve planlamalar detayl\u0131 olarak g\u00f6r\u00fc\u015f\u00fcld\u00fc.<br \/><\/p>\n","protected":false},"excerpt":{"rendered":"<p>Mu\u011fla\u2019n\u0131n K\u00f6yce\u011fiz il\u00e7esinde \u0130l\u00e7e Milli E\u011fitim M\u00fcd\u00fcrl\u00fc\u011f\u00fc\u2019nde g\u00f6revli \u00f6\u011fretmenler 2. D\u00f6nem \u0130l\u00e7e Z\u00fcmre toplant\u0131lar\u0131n\u0131 tamamlad\u0131. \u00d6\u011fretmenler, K\u00f6yce\u011fiz Atat\u00fcrk Ortaokulu, Fehmi Ba\u015fo\u011flu \u0130lkokulu, K\u00f6yce\u011fiz Anadolu Lisesi\u2019nde bir araya gelerek 2. E\u011fitim d\u00f6neminde yap\u0131lacak e\u011fitim \u00f6\u011fretim faaliyetleri ile ilgili \u00f6nemli kararlar ald\u0131. K\u00f6yce\u011fiz \u0130l\u00e7e Milli E\u011fitim M\u00fcd\u00fcr\u00fc Kerem Karahan ve \u015eube M\u00fcd\u00fcr\u00fc Dr. Avni Aytekin de il\u00e7e&#8230;<\/p>\n","protected":false},"author":1,"featured_media":17041,"comment_status":"open","ping_status":"open","sticky":false,"template":"","format":"standard","meta":{"_crdt_document":"","footnotes":""},"categories":[1],"tags":[],"class_list":["post-17040","post","type-post","status-publish","format-standard","has-post-thumbnail","hentry","category-guncel"],"_links":{"self":[{"href":"https:\/\/www.egemtv.com\/index.php?rest_route=\/wp\/v2\/posts\/17040","targetHints":{"allow":["GET"]}}],"collection":[{"href":"https:\/\/www.egemtv.com\/index.php?rest_route=\/wp\/v2\/posts"}],"about":[{"href":"https:\/\/www.egemtv.com\/index.php?rest_route=\/wp\/v2\/types\/post"}],"author":[{"embeddable":true,"href":"https:\/\/www.egemtv.com\/index.php?rest_route=\/wp\/v2\/users\/1"}],"replies":[{"embeddable":true,"href":"https:\/\/www.egemtv.com\/index.php?rest_route=%2Fwp%2Fv2%2Fcomments&post=17040"}],"version-history":[{"count":1,"href":"https:\/\/www.egemtv.com\/index.php?rest_route=\/wp\/v2\/posts\/17040\/revisions"}],"predecessor-version":[{"id":17042,"href":"https:\/\/www.egemtv.com\/index.php?rest_route=\/wp\/v2\/posts\/17040\/revisions\/17042"}],"wp:featuredmedia":[{"embeddable":true,"href":"https:\/\/www.egemtv.com\/index.php?rest_route=\/wp\/v2\/media\/17041"}],"wp:attachment":[{"href":"https:\/\/www.egemtv.com\/index.php?rest_route=%2Fwp%2Fv2%2Fmedia&parent=17040"}],"wp:term":[{"taxonomy":"category","embeddable":true,"href":"https:\/\/www.egemtv.com\/index.php?rest_route=%2Fwp%2Fv2%2Fcategories&post=17040"},{"taxonomy":"post_tag","embeddable":true,"href":"https:\/\/www.egemtv.com\/index.php?rest_route=%2Fwp%2Fv2%2Ftags&post=17040"}],"curies":[{"name":"wp","href":"https:\/\/api.w.org\/{rel}","templated":true}]}}