{"id":17031,"date":"2025-02-08T12:40:42","date_gmt":"2025-02-08T09:40:42","guid":{"rendered":"https:\/\/www.egemtv.com\/?p=17031"},"modified":"2025-02-08T12:40:46","modified_gmt":"2025-02-08T09:40:46","slug":"cksmli-cocuklara-deprem-bilinci-egitimi-veriliyor","status":"publish","type":"post","link":"https:\/\/www.egemtv.com\/?p=17031","title":{"rendered":"\u00c7KSM\u2019li \u00e7ocuklara deprem bilinci e\u011fitimi veriliyor"},"content":{"rendered":"<p>Manisa B\u00fcy\u00fck\u015fehir Belediyesi\u2019nin afet bilinci ve g\u00fcvenli ya\u015fam konusundaki \u00e7al\u0131\u015fmalar\u0131na bir yenisi daha eklendi. Deprem fark\u0131ndal\u0131\u011f\u0131n\u0131 art\u0131rmak ve \u00e7ocuklar\u0131 bilin\u00e7lendirmek amac\u0131yla \u0130zmir GEA Arama Kurtarma Ekibi ve Aktiffelsefe K\u00fclt\u00fcr Derne\u011fi Manisa \u015eubesi g\u00f6n\u00fcll\u00fcleri taraf\u0131ndan Manisa B\u00fcy\u00fck\u015fehir Belediyesi \u00c7ocuk K\u00fclt\u00fcr ve Sanat Merkezleri\u2019nde (\u00c7KSM) \u00e7ocuklara y\u00f6nelik &#8220;Depreme Haz\u0131rl\u0131k Semineri&#8221; d\u00fczenlendi.<br \/>\n<br \/>6-7 \u015eubat depremlerinin y\u0131l d\u00f6n\u00fcm\u00fcnde ger\u00e7ekle\u015ftirilen seminerde, \u00e7ocuklara deprem \u00f6ncesi, s\u0131ras\u0131 ve sonras\u0131nda yap\u0131lmas\u0131 gerekenler anlat\u0131ld\u0131. E\u011fitim kapsam\u0131nda, deprem an\u0131nda nas\u0131l hareket edilmesi gerekti\u011fini g\u00f6steren bilgilendirici videolar izletildi ve hayati \u00f6nem ta\u015f\u0131yan cenin pozisyonu uygulamal\u0131 olarak g\u00f6sterildi.<\/p>\n<p>Deprem bilinci hayat kurtar\u0131r<br \/>\n<br \/>E\u011fitim s\u00fcrecinde e\u011fitmenler, deprem haz\u0131rl\u0131\u011f\u0131n\u0131n hayati \u00f6nem ta\u015f\u0131d\u0131\u011f\u0131na dikkat \u00e7ekerek, bilin\u00e7li bireyler yeti\u015ftirmek i\u00e7in bu t\u00fcr e\u011fitimlerin \u00f6nemini vurgulad\u0131. \u00c7ocuklardan, edindikleri bilgileri aileleriyle payla\u015fmalar\u0131 ve g\u00fcvenli bir ya\u015fam i\u00e7in her zaman haz\u0131rl\u0131kl\u0131 olmalar\u0131 istendi. Ayr\u0131ca, 6 \u015eubat depremi de an\u0131larak, depremin etkileri ve al\u0131nmas\u0131 gereken \u00f6nlemler \u00fczerine konu\u015fuldu. Manisa B\u00fcy\u00fck\u015fehir Belediyesi Halk E\u011fitimi \u015eube M\u00fcd\u00fcr\u00fc Serap G\u00fcc\u00fcyen, e\u011fitime katk\u0131 sa\u011flayan g\u00f6n\u00fcll\u00fc e\u011fitmenlere te\u015fekk\u00fcr belgelerini takdim etti. G\u00fcc\u00fcyen, \u00e7ocuklara y\u00f6nelik deprem bilinci e\u011fitimlerinin d\u00fczenli aral\u0131klarla devam edece\u011fini belirtti.<br \/><\/p>\n","protected":false},"excerpt":{"rendered":"<p>Manisa B\u00fcy\u00fck\u015fehir Belediyesi\u2019nin afet bilinci ve g\u00fcvenli ya\u015fam konusundaki \u00e7al\u0131\u015fmalar\u0131na bir yenisi daha eklendi. Deprem fark\u0131ndal\u0131\u011f\u0131n\u0131 art\u0131rmak ve \u00e7ocuklar\u0131 bilin\u00e7lendirmek amac\u0131yla \u0130zmir GEA Arama Kurtarma Ekibi ve Aktiffelsefe K\u00fclt\u00fcr Derne\u011fi Manisa \u015eubesi g\u00f6n\u00fcll\u00fcleri taraf\u0131ndan Manisa B\u00fcy\u00fck\u015fehir Belediyesi \u00c7ocuk K\u00fclt\u00fcr ve Sanat Merkezleri\u2019nde (\u00c7KSM) \u00e7ocuklara y\u00f6nelik &#8220;Depreme Haz\u0131rl\u0131k Semineri&#8221; d\u00fczenlendi. 6-7 \u015eubat depremlerinin y\u0131l d\u00f6n\u00fcm\u00fcnde ger\u00e7ekle\u015ftirilen&#8230;<\/p>\n","protected":false},"author":1,"featured_media":17032,"comment_status":"open","ping_status":"open","sticky":false,"template":"","format":"standard","meta":{"_crdt_document":"","footnotes":""},"categories":[1],"tags":[],"class_list":["post-17031","post","type-post","status-publish","format-standard","has-post-thumbnail","hentry","category-guncel"],"_links":{"self":[{"href":"https:\/\/www.egemtv.com\/index.php?rest_route=\/wp\/v2\/posts\/17031","targetHints":{"allow":["GET"]}}],"collection":[{"href":"https:\/\/www.egemtv.com\/index.php?rest_route=\/wp\/v2\/posts"}],"about":[{"href":"https:\/\/www.egemtv.com\/index.php?rest_route=\/wp\/v2\/types\/post"}],"author":[{"embeddable":true,"href":"https:\/\/www.egemtv.com\/index.php?rest_route=\/wp\/v2\/users\/1"}],"replies":[{"embeddable":true,"href":"https:\/\/www.egemtv.com\/index.php?rest_route=%2Fwp%2Fv2%2Fcomments&post=17031"}],"version-history":[{"count":1,"href":"https:\/\/www.egemtv.com\/index.php?rest_route=\/wp\/v2\/posts\/17031\/revisions"}],"predecessor-version":[{"id":17033,"href":"https:\/\/www.egemtv.com\/index.php?rest_route=\/wp\/v2\/posts\/17031\/revisions\/17033"}],"wp:featuredmedia":[{"embeddable":true,"href":"https:\/\/www.egemtv.com\/index.php?rest_route=\/wp\/v2\/media\/17032"}],"wp:attachment":[{"href":"https:\/\/www.egemtv.com\/index.php?rest_route=%2Fwp%2Fv2%2Fmedia&parent=17031"}],"wp:term":[{"taxonomy":"category","embeddable":true,"href":"https:\/\/www.egemtv.com\/index.php?rest_route=%2Fwp%2Fv2%2Fcategories&post=17031"},{"taxonomy":"post_tag","embeddable":true,"href":"https:\/\/www.egemtv.com\/index.php?rest_route=%2Fwp%2Fv2%2Ftags&post=17031"}],"curies":[{"name":"wp","href":"https:\/\/api.w.org\/{rel}","templated":true}]}}