{"id":17025,"date":"2025-02-08T12:23:08","date_gmt":"2025-02-08T09:23:08","guid":{"rendered":"https:\/\/www.egemtv.com\/?p=17025"},"modified":"2025-02-08T12:23:13","modified_gmt":"2025-02-08T09:23:13","slug":"bayraklida-asfalt-calismalari-suruyor","status":"publish","type":"post","link":"https:\/\/www.egemtv.com\/?p=17025","title":{"rendered":"Bayrakl\u0131\u2019da asfalt \u00e7al\u0131\u015fmalar\u0131 s\u00fcr\u00fcyor"},"content":{"rendered":"<p>Bayrakl\u0131 Belediyesinin, \u0130zmir B\u00fcy\u00fck\u015fehir Belediyesi i\u015f birli\u011fiyle y\u00fcr\u00fct\u00fclen yol yenileme, bak\u0131m ve onar\u0131m \u00e7al\u0131\u015fmalar\u0131, il\u00e7enin 24 mahallesinde ihtiya\u00e7 olan noktalarda aral\u0131ks\u0131z devam ediyor. Bu kapsamda son olarak ekipler, 5 mahallede yol tamirat\u0131 ve asfalt serimi ger\u00e7ekle\u015ftirdi.<br \/>\n<br \/>Bayrakl\u0131\u2019da 24 mahallede devam eden yol bak\u0131m, onar\u0131m ve asfalt \u00e7al\u0131\u015fmalar\u0131 kapsam\u0131nda \u00c7ay, Adalet, Osmangazi, G\u00fcm\u00fc\u015fpala ve Yamanlar mahallelerinde ihtiya\u00e7 olan sokaklarda bozulan yollar yenilendi. \u00c7i\u00e7ek ve Nafiz G\u00fcrman mahallelerinde yol tamiratlar\u0131 s\u00fcr\u00fcyor. Mansuro\u011flu Mahallesi Ankara Asfalt\u0131 yan yolunda asfalt serim \u00e7al\u0131\u015fmalar\u0131 devam ediyor. Ayr\u0131ca, Onur Mahallesi 7375 sokak \u00e7evre yolu ba\u011flant\u0131 noktas\u0131nda da asfaltlama \u00e7al\u0131\u015fmas\u0131 planland\u0131. Bayrakl\u0131\u2019n\u0131n t\u00fcm mahallelerinde yol yenileme \u00e7al\u0131\u015fmalar\u0131n\u0131n s\u00fcrd\u00fcr\u00fclece\u011fi belirtildi.<\/p>\n<p>&#8220;\u00c7al\u0131\u015fmalar s\u00fcrecek&#8221;<br \/>\n<br \/>Bayrakl\u0131 Belediye Ba\u015fkan\u0131 \u0130rfan \u00d6nal, &#8220;\u0130zmir B\u00fcy\u00fck\u015fehir Belediyemiz ile i\u015f birli\u011fi i\u00e7inde il\u00e7emizin d\u00f6rt bir yan\u0131nda asfalt yenileme ve yol tamirat \u00e7al\u0131\u015fmalar\u0131n\u0131 s\u00fcrd\u00fcr\u00fcyoruz. Tamamlanan yollarla birlikte hem trafik ak\u0131\u015f\u0131n\u0131 rahatlatmay\u0131 hem de vatanda\u015flar\u0131m\u0131z\u0131n g\u00fcvenli ve konforlu \u015fekilde ula\u015f\u0131m sa\u011flamas\u0131n\u0131 hedefliyoruz. \u00c7al\u0131\u015fmalar\u0131m\u0131z\u0131, mahallelerimizin ihtiya\u00e7lar\u0131n\u0131 g\u00f6z \u00f6n\u00fcnde bulundurarak s\u00fcrd\u00fcrece\u011fiz&#8221; dedi.<br \/><\/p>\n","protected":false},"excerpt":{"rendered":"<p>Bayrakl\u0131 Belediyesinin, \u0130zmir B\u00fcy\u00fck\u015fehir Belediyesi i\u015f birli\u011fiyle y\u00fcr\u00fct\u00fclen yol yenileme, bak\u0131m ve onar\u0131m \u00e7al\u0131\u015fmalar\u0131, il\u00e7enin 24 mahallesinde ihtiya\u00e7 olan noktalarda aral\u0131ks\u0131z devam ediyor. Bu kapsamda son olarak ekipler, 5 mahallede yol tamirat\u0131 ve asfalt serimi ger\u00e7ekle\u015ftirdi. Bayrakl\u0131\u2019da 24 mahallede devam eden yol bak\u0131m, onar\u0131m ve asfalt \u00e7al\u0131\u015fmalar\u0131 kapsam\u0131nda \u00c7ay, Adalet, Osmangazi, G\u00fcm\u00fc\u015fpala ve Yamanlar mahallelerinde&#8230;<\/p>\n","protected":false},"author":1,"featured_media":17026,"comment_status":"open","ping_status":"open","sticky":false,"template":"","format":"standard","meta":{"_crdt_document":"","footnotes":""},"categories":[1],"tags":[],"class_list":["post-17025","post","type-post","status-publish","format-standard","has-post-thumbnail","hentry","category-guncel"],"_links":{"self":[{"href":"https:\/\/www.egemtv.com\/index.php?rest_route=\/wp\/v2\/posts\/17025","targetHints":{"allow":["GET"]}}],"collection":[{"href":"https:\/\/www.egemtv.com\/index.php?rest_route=\/wp\/v2\/posts"}],"about":[{"href":"https:\/\/www.egemtv.com\/index.php?rest_route=\/wp\/v2\/types\/post"}],"author":[{"embeddable":true,"href":"https:\/\/www.egemtv.com\/index.php?rest_route=\/wp\/v2\/users\/1"}],"replies":[{"embeddable":true,"href":"https:\/\/www.egemtv.com\/index.php?rest_route=%2Fwp%2Fv2%2Fcomments&post=17025"}],"version-history":[{"count":1,"href":"https:\/\/www.egemtv.com\/index.php?rest_route=\/wp\/v2\/posts\/17025\/revisions"}],"predecessor-version":[{"id":17027,"href":"https:\/\/www.egemtv.com\/index.php?rest_route=\/wp\/v2\/posts\/17025\/revisions\/17027"}],"wp:featuredmedia":[{"embeddable":true,"href":"https:\/\/www.egemtv.com\/index.php?rest_route=\/wp\/v2\/media\/17026"}],"wp:attachment":[{"href":"https:\/\/www.egemtv.com\/index.php?rest_route=%2Fwp%2Fv2%2Fmedia&parent=17025"}],"wp:term":[{"taxonomy":"category","embeddable":true,"href":"https:\/\/www.egemtv.com\/index.php?rest_route=%2Fwp%2Fv2%2Fcategories&post=17025"},{"taxonomy":"post_tag","embeddable":true,"href":"https:\/\/www.egemtv.com\/index.php?rest_route=%2Fwp%2Fv2%2Ftags&post=17025"}],"curies":[{"name":"wp","href":"https:\/\/api.w.org\/{rel}","templated":true}]}}