{"id":17022,"date":"2025-02-08T12:23:03","date_gmt":"2025-02-08T09:23:03","guid":{"rendered":"https:\/\/www.egemtv.com\/?p=17022"},"modified":"2025-02-08T12:23:07","modified_gmt":"2025-02-08T09:23:07","slug":"evde-cikan-yanginda-1-kisi-hayatini-kaybetti","status":"publish","type":"post","link":"https:\/\/www.egemtv.com\/?p=17022","title":{"rendered":"Evde \u00e7\u0131kan yang\u0131nda 1 ki\u015fi hayat\u0131n\u0131 kaybetti"},"content":{"rendered":"<p>Ayd\u0131n\u2019\u0131n S\u00f6ke il\u00e7esinde meydana gelen ev yang\u0131n\u0131nda 1 ki\u015fi hayat\u0131n\u0131 kaybetti.<br \/>\n<br \/>Yang\u0131n, Sazl\u0131 Mahallesi\u2019nde sabaha kar\u015f\u0131 meydana geldi. Edinilen bilgiye g\u00f6re, mahalledeki bir evde hen\u00fcz bilinmeyen bir nedenle yang\u0131n \u00e7\u0131kt\u0131. Evden alevlerin y\u00fckseldi\u011fini fark eden vatanda\u015flar durumu 112 Acil \u00c7a\u011fr\u0131 Merkezi\u2019ne bildirdi. Yang\u0131n k\u0131sa s\u00fcrede b\u00fcy\u00fcyerek t\u00fcm evi sararken, ihbar \u00fczerine b\u00f6lgeye itfaiye, sa\u011fl\u0131k ve jandarma ekipleri sevk edildi. Olay yerine gelen Ayd\u0131n B\u00fcy\u00fck\u015fehir Belediyesi \u0130tfaiye Daire Ba\u015fkanl\u0131\u011f\u0131 ekipleri alevlere m\u00fcdahale ederek kontrol alt\u0131na ald\u0131. Evin tamamen yanarak kullan\u0131lamaz hale geldi\u011fi yang\u0131nda evde bulunan Hasan Kahraman isimli ya\u015fl\u0131 \u015fahs\u0131n alevler aras\u0131nda kalarak hayat\u0131n\u0131 kaybetti\u011fi belirlendi. Ekipler yang\u0131n\u0131n \u00e7\u0131k\u0131\u015f nedeninin belirlenebilmesi i\u00e7in \u00e7al\u0131\u015fma ba\u015flatt\u0131.<br \/>\n<br \/>Olayla ilgili soru\u015fturma s\u00fcr\u00fcyor.<br \/><\/p>\n","protected":false},"excerpt":{"rendered":"<p>Ayd\u0131n\u2019\u0131n S\u00f6ke il\u00e7esinde meydana gelen ev yang\u0131n\u0131nda 1 ki\u015fi hayat\u0131n\u0131 kaybetti. Yang\u0131n, Sazl\u0131 Mahallesi\u2019nde sabaha kar\u015f\u0131 meydana geldi. Edinilen bilgiye g\u00f6re, mahalledeki bir evde hen\u00fcz bilinmeyen bir nedenle yang\u0131n \u00e7\u0131kt\u0131. Evden alevlerin y\u00fckseldi\u011fini fark eden vatanda\u015flar durumu 112 Acil \u00c7a\u011fr\u0131 Merkezi\u2019ne bildirdi. Yang\u0131n k\u0131sa s\u00fcrede b\u00fcy\u00fcyerek t\u00fcm evi sararken, ihbar \u00fczerine b\u00f6lgeye itfaiye, sa\u011fl\u0131k ve&#8230;<\/p>\n","protected":false},"author":1,"featured_media":17023,"comment_status":"open","ping_status":"open","sticky":false,"template":"","format":"standard","meta":{"_crdt_document":"","footnotes":""},"categories":[5],"tags":[],"class_list":["post-17022","post","type-post","status-publish","format-standard","has-post-thumbnail","hentry","category-asayis"],"_links":{"self":[{"href":"https:\/\/www.egemtv.com\/index.php?rest_route=\/wp\/v2\/posts\/17022","targetHints":{"allow":["GET"]}}],"collection":[{"href":"https:\/\/www.egemtv.com\/index.php?rest_route=\/wp\/v2\/posts"}],"about":[{"href":"https:\/\/www.egemtv.com\/index.php?rest_route=\/wp\/v2\/types\/post"}],"author":[{"embeddable":true,"href":"https:\/\/www.egemtv.com\/index.php?rest_route=\/wp\/v2\/users\/1"}],"replies":[{"embeddable":true,"href":"https:\/\/www.egemtv.com\/index.php?rest_route=%2Fwp%2Fv2%2Fcomments&post=17022"}],"version-history":[{"count":1,"href":"https:\/\/www.egemtv.com\/index.php?rest_route=\/wp\/v2\/posts\/17022\/revisions"}],"predecessor-version":[{"id":17024,"href":"https:\/\/www.egemtv.com\/index.php?rest_route=\/wp\/v2\/posts\/17022\/revisions\/17024"}],"wp:featuredmedia":[{"embeddable":true,"href":"https:\/\/www.egemtv.com\/index.php?rest_route=\/wp\/v2\/media\/17023"}],"wp:attachment":[{"href":"https:\/\/www.egemtv.com\/index.php?rest_route=%2Fwp%2Fv2%2Fmedia&parent=17022"}],"wp:term":[{"taxonomy":"category","embeddable":true,"href":"https:\/\/www.egemtv.com\/index.php?rest_route=%2Fwp%2Fv2%2Fcategories&post=17022"},{"taxonomy":"post_tag","embeddable":true,"href":"https:\/\/www.egemtv.com\/index.php?rest_route=%2Fwp%2Fv2%2Ftags&post=17022"}],"curies":[{"name":"wp","href":"https:\/\/api.w.org\/{rel}","templated":true}]}}