{"id":16884,"date":"2025-02-07T18:20:45","date_gmt":"2025-02-07T15:20:45","guid":{"rendered":"https:\/\/www.egemtv.com\/?p=16884"},"modified":"2025-02-07T18:20:49","modified_gmt":"2025-02-07T15:20:49","slug":"kutahya-belediyesi-halk-gunu-toplantilari-devam-ediyor","status":"publish","type":"post","link":"https:\/\/www.egemtv.com\/?p=16884","title":{"rendered":"K\u00fctahya Belediyesi Halk G\u00fcn\u00fc Toplant\u0131lar\u0131 devam ediyor"},"content":{"rendered":"<p>K\u00fctahya Belediyesi, vatanda\u015flar\u0131n talep ve \u00f6nerilerini dinlemek amac\u0131yla her hafta d\u00fczenledi\u011fi Halk G\u00fcn\u00fc Toplant\u0131lar\u0131n\u0131 s\u00fcrd\u00fcr\u00fcyor.<br \/>\n<br \/>Cuma g\u00fcnleri 10.00-12.00 saatleri aras\u0131nda ger\u00e7ekle\u015ftirilen toplant\u0131lar, \u015feffaf ve eri\u015filebilir bir belediyecilik anlay\u0131\u015f\u0131yla y\u00fcr\u00fct\u00fcl\u00fcyor.<br \/>\n<br \/>Belediye Ba\u015fkan\u0131 Ey\u00fcp Kahveci\u2019nin ba\u015fkanl\u0131\u011f\u0131nda K\u00fctahya Belediyesi Konferans Salonu\u2019nda yap\u0131lan toplant\u0131da, vatanda\u015flar\u0131n talepleri dinlendi ve \u00e7\u00f6z\u00fcm yollar\u0131 \u00fczerine isti\u015farelerde bulunuldu. Ba\u015fkan Kahveci, toplant\u0131ya kat\u0131lan belediye ba\u015fkan yard\u0131mc\u0131lar\u0131 ve birim m\u00fcd\u00fcrleriyle birlikte, iletilen konular\u0131n takibini yapacaklar\u0131n\u0131 belirtti.<br \/>\n<br \/>Toplant\u0131ya kat\u0131lan vatanda\u015flar, uygulamadan duyduklar\u0131 memnuniyeti dile getirerek, Halk G\u00fcn\u00fc Toplant\u0131lar\u0131n\u0131n devam etmesi y\u00f6n\u00fcndeki taleplerini iletti. Ba\u015fkan Kahveci ise belediye olarak halk\u0131n beklentilerini kar\u015f\u0131lamak ad\u0131na \u00e7al\u0131\u015fmalar\u0131na devam edeceklerini vurgulad\u0131.<br \/><\/p>\n","protected":false},"excerpt":{"rendered":"<p>K\u00fctahya Belediyesi, vatanda\u015flar\u0131n talep ve \u00f6nerilerini dinlemek amac\u0131yla her hafta d\u00fczenledi\u011fi Halk G\u00fcn\u00fc Toplant\u0131lar\u0131n\u0131 s\u00fcrd\u00fcr\u00fcyor. Cuma g\u00fcnleri 10.00-12.00 saatleri aras\u0131nda ger\u00e7ekle\u015ftirilen toplant\u0131lar, \u015feffaf ve eri\u015filebilir bir belediyecilik anlay\u0131\u015f\u0131yla y\u00fcr\u00fct\u00fcl\u00fcyor. Belediye Ba\u015fkan\u0131 Ey\u00fcp Kahveci\u2019nin ba\u015fkanl\u0131\u011f\u0131nda K\u00fctahya Belediyesi Konferans Salonu\u2019nda yap\u0131lan toplant\u0131da, vatanda\u015flar\u0131n talepleri dinlendi ve \u00e7\u00f6z\u00fcm yollar\u0131 \u00fczerine isti\u015farelerde bulunuldu. Ba\u015fkan Kahveci, toplant\u0131ya kat\u0131lan belediye ba\u015fkan&#8230;<\/p>\n","protected":false},"author":1,"featured_media":16885,"comment_status":"open","ping_status":"open","sticky":false,"template":"","format":"standard","meta":{"_crdt_document":"","footnotes":""},"categories":[123],"tags":[],"class_list":["post-16884","post","type-post","status-publish","format-standard","has-post-thumbnail","hentry","category-gundem"],"_links":{"self":[{"href":"https:\/\/www.egemtv.com\/index.php?rest_route=\/wp\/v2\/posts\/16884","targetHints":{"allow":["GET"]}}],"collection":[{"href":"https:\/\/www.egemtv.com\/index.php?rest_route=\/wp\/v2\/posts"}],"about":[{"href":"https:\/\/www.egemtv.com\/index.php?rest_route=\/wp\/v2\/types\/post"}],"author":[{"embeddable":true,"href":"https:\/\/www.egemtv.com\/index.php?rest_route=\/wp\/v2\/users\/1"}],"replies":[{"embeddable":true,"href":"https:\/\/www.egemtv.com\/index.php?rest_route=%2Fwp%2Fv2%2Fcomments&post=16884"}],"version-history":[{"count":1,"href":"https:\/\/www.egemtv.com\/index.php?rest_route=\/wp\/v2\/posts\/16884\/revisions"}],"predecessor-version":[{"id":16886,"href":"https:\/\/www.egemtv.com\/index.php?rest_route=\/wp\/v2\/posts\/16884\/revisions\/16886"}],"wp:featuredmedia":[{"embeddable":true,"href":"https:\/\/www.egemtv.com\/index.php?rest_route=\/wp\/v2\/media\/16885"}],"wp:attachment":[{"href":"https:\/\/www.egemtv.com\/index.php?rest_route=%2Fwp%2Fv2%2Fmedia&parent=16884"}],"wp:term":[{"taxonomy":"category","embeddable":true,"href":"https:\/\/www.egemtv.com\/index.php?rest_route=%2Fwp%2Fv2%2Fcategories&post=16884"},{"taxonomy":"post_tag","embeddable":true,"href":"https:\/\/www.egemtv.com\/index.php?rest_route=%2Fwp%2Fv2%2Ftags&post=16884"}],"curies":[{"name":"wp","href":"https:\/\/api.w.org\/{rel}","templated":true}]}}