{"id":16881,"date":"2025-02-07T18:20:41","date_gmt":"2025-02-07T15:20:41","guid":{"rendered":"https:\/\/www.egemtv.com\/?p=16881"},"modified":"2025-02-07T18:20:44","modified_gmt":"2025-02-07T15:20:44","slug":"dpu-ve-iskur-arasinda-genclik-programi-protokolu-imzalandi","status":"publish","type":"post","link":"https:\/\/www.egemtv.com\/?p=16881","title":{"rendered":"DP\u00dc ve \u0130\u015eKUR aras\u0131nda gen\u00e7lik program\u0131 protokol\u00fc imzaland\u0131"},"content":{"rendered":"<p>K\u00fctahya Dumlup\u0131nar \u00dcniversitesi (DP\u00dc) ile K\u00fctahya \u00c7al\u0131\u015fma ve \u0130\u015f Kurumu \u0130l M\u00fcd\u00fcrl\u00fc\u011f\u00fc (\u0130\u015eKUR) aras\u0131nda Gen\u00e7lik Program\u0131 protokol\u00fc imzaland\u0131.<br \/>\n<br \/>Rekt\u00f6rl\u00fck makam\u0131nda ger\u00e7ekle\u015fen t\u00f6rene DP\u00dc Rekt\u00f6r\u00fc Prof. Dr. S\u00fcleyman K\u0131z\u0131ltoprak ve \u0130\u015eKUR \u0130l M\u00fcd\u00fcr\u00fc Erdo\u011fan \u015eahin kat\u0131ld\u0131. Protokol kapsam\u0131nda, 2024-2025 Bahar Yar\u0131y\u0131l\u0131nda uygulanacak \u0130\u015eKUR Gen\u00e7lik Program\u0131 i\u00e7in e\u011fitimler d\u00fczenlenecek. DP\u00dc \u00f6\u011frencileri i\u00e7in 1.391 kontenjan ayr\u0131lan programda, kat\u0131l\u0131mc\u0131lara i\u015f sa\u011fl\u0131\u011f\u0131 ve g\u00fcvenli\u011fi, i\u015f yeri motivasyonu, i\u015f arama teknikleri, \u00f6zge\u00e7mi\u015f haz\u0131rlama ve m\u00fclakat teknikleri gibi konularda e\u011fitimler verilerek i\u015f g\u00fcc\u00fc piyasas\u0131na haz\u0131rlanmalar\u0131 sa\u011flanacak.<\/p>\n<p>&#8220;\u00d6\u011frencilerimiz i\u00e7in \u00f6nemli bir f\u0131rsat&#8221;<br \/>\n<br \/>Protokol imza t\u00f6reninde konu\u015fan Rekt\u00f6r Prof. Dr. S\u00fcleyman K\u0131z\u0131ltoprak, \u00f6\u011frencilerin akademik geli\u015fimlerinin yan\u0131 s\u0131ra kariyer planlamalar\u0131na da b\u00fcy\u00fck \u00f6nem verdiklerini belirtti. K\u0131z\u0131ltoprak, &#8220;\u0130\u015eKUR ile ger\u00e7ekle\u015ftirdi\u011fimiz bu i\u015f birli\u011fi sayesinde \u00f6\u011frencilerimiz hem e\u011fitimlerine devam edecek hem de i\u015f tecr\u00fcbesi kazanacak. Haftada \u00fc\u00e7 g\u00fcn kat\u0131l\u0131m sa\u011flayarak bilgi, beceri ve \u00e7al\u0131\u015fma disiplinini geli\u015ftirecekler&#8221; dedi.<br \/>\n<br \/>\u0130\u015eKUR \u0130l M\u00fcd\u00fcr\u00fc Erdo\u011fan \u015eahin ise, program kapsam\u0131nda \u00f6\u011frencilere kat\u0131l\u0131m sa\u011flad\u0131klar\u0131 her g\u00fcn i\u00e7in 1.083 TL \u00f6deme yap\u0131laca\u011f\u0131n\u0131, ayr\u0131ca Genel Sa\u011fl\u0131k Sigortas\u0131 ve \u0130\u015f Kazas\u0131 Meslek Hastal\u0131\u011f\u0131 sigorta primlerinin yat\u0131r\u0131laca\u011f\u0131n\u0131 belirtti.<br \/>\n<br \/>\u00d6\u011frencilerin Kariyer ve Mezun Merkezi ile \u0130\u015eKUR Gen\u00e7lik Portal\u0131 \u00fczerinden programa ba\u015fvurabilecekleri bildirildi. Program\u0131n, gen\u00e7lerin i\u015f hayat\u0131na daha kolay adapte olmalar\u0131n\u0131 sa\u011flamak amac\u0131yla \u00f6nemli bir ad\u0131m oldu\u011fu vurguland\u0131.<br \/><\/p>\n","protected":false},"excerpt":{"rendered":"<p>K\u00fctahya Dumlup\u0131nar \u00dcniversitesi (DP\u00dc) ile K\u00fctahya \u00c7al\u0131\u015fma ve \u0130\u015f Kurumu \u0130l M\u00fcd\u00fcrl\u00fc\u011f\u00fc (\u0130\u015eKUR) aras\u0131nda Gen\u00e7lik Program\u0131 protokol\u00fc imzaland\u0131. Rekt\u00f6rl\u00fck makam\u0131nda ger\u00e7ekle\u015fen t\u00f6rene DP\u00dc Rekt\u00f6r\u00fc Prof. Dr. S\u00fcleyman K\u0131z\u0131ltoprak ve \u0130\u015eKUR \u0130l M\u00fcd\u00fcr\u00fc Erdo\u011fan \u015eahin kat\u0131ld\u0131. Protokol kapsam\u0131nda, 2024-2025 Bahar Yar\u0131y\u0131l\u0131nda uygulanacak \u0130\u015eKUR Gen\u00e7lik Program\u0131 i\u00e7in e\u011fitimler d\u00fczenlenecek. DP\u00dc \u00f6\u011frencileri i\u00e7in 1.391 kontenjan ayr\u0131lan programda, kat\u0131l\u0131mc\u0131lara&#8230;<\/p>\n","protected":false},"author":1,"featured_media":16882,"comment_status":"open","ping_status":"open","sticky":false,"template":"","format":"standard","meta":{"_crdt_document":"","footnotes":""},"categories":[1],"tags":[],"class_list":["post-16881","post","type-post","status-publish","format-standard","has-post-thumbnail","hentry","category-guncel"],"_links":{"self":[{"href":"https:\/\/www.egemtv.com\/index.php?rest_route=\/wp\/v2\/posts\/16881","targetHints":{"allow":["GET"]}}],"collection":[{"href":"https:\/\/www.egemtv.com\/index.php?rest_route=\/wp\/v2\/posts"}],"about":[{"href":"https:\/\/www.egemtv.com\/index.php?rest_route=\/wp\/v2\/types\/post"}],"author":[{"embeddable":true,"href":"https:\/\/www.egemtv.com\/index.php?rest_route=\/wp\/v2\/users\/1"}],"replies":[{"embeddable":true,"href":"https:\/\/www.egemtv.com\/index.php?rest_route=%2Fwp%2Fv2%2Fcomments&post=16881"}],"version-history":[{"count":1,"href":"https:\/\/www.egemtv.com\/index.php?rest_route=\/wp\/v2\/posts\/16881\/revisions"}],"predecessor-version":[{"id":16883,"href":"https:\/\/www.egemtv.com\/index.php?rest_route=\/wp\/v2\/posts\/16881\/revisions\/16883"}],"wp:featuredmedia":[{"embeddable":true,"href":"https:\/\/www.egemtv.com\/index.php?rest_route=\/wp\/v2\/media\/16882"}],"wp:attachment":[{"href":"https:\/\/www.egemtv.com\/index.php?rest_route=%2Fwp%2Fv2%2Fmedia&parent=16881"}],"wp:term":[{"taxonomy":"category","embeddable":true,"href":"https:\/\/www.egemtv.com\/index.php?rest_route=%2Fwp%2Fv2%2Fcategories&post=16881"},{"taxonomy":"post_tag","embeddable":true,"href":"https:\/\/www.egemtv.com\/index.php?rest_route=%2Fwp%2Fv2%2Ftags&post=16881"}],"curies":[{"name":"wp","href":"https:\/\/api.w.org\/{rel}","templated":true}]}}