{"id":16878,"date":"2025-02-07T18:20:36","date_gmt":"2025-02-07T15:20:36","guid":{"rendered":"https:\/\/www.egemtv.com\/?p=16878"},"modified":"2025-02-07T18:20:41","modified_gmt":"2025-02-07T15:20:41","slug":"gazetecilerden-hasan-basyigite-vefa-yemegi","status":"publish","type":"post","link":"https:\/\/www.egemtv.com\/?p=16878","title":{"rendered":"Gazetecilerden Hasan Ba\u015fyi\u011fit\u2019e vefa yeme\u011fi"},"content":{"rendered":"<p>K\u00fctahya\u2019da 8 y\u0131l boyunca \u0130l Milli E\u011fitim M\u00fcd\u00fcrl\u00fc\u011f\u00fc g\u00f6revini y\u00fcr\u00fcten Hasan Ba\u015fyi\u011fit i\u00e7in vefa yeme\u011fi d\u00fczenlendi.<br \/>\n<br \/>Programa, K\u00fctahya Gazeteciler Cemiyeti Ba\u015fkan\u0131 Erkan Sa\u011flam, \u0130hlas Haber Ajans\u0131 K\u00fctahya Temsilcisi H\u00fcseyin Efe, gazeteci-yazarlar \u0130hsan Tun\u00e7o\u011flu ve Tuncay Varol kat\u0131ld\u0131.<br \/>\n<br \/>Yemekte konu\u015fan Gazeteciler Cemiyeti Ba\u015fkan\u0131 Erkan Sa\u011flam, Hasan Ba\u015fyi\u011fit\u2019in g\u00f6rev s\u00fcresi boyunca K\u00fctahya\u2019da ba\u015far\u0131l\u0131 \u00e7al\u0131\u015fmalara imza att\u0131\u011f\u0131n\u0131 belirterek, &#8220;Hasan M\u00fcd\u00fcr\u00fcm\u00fcz, K\u00fctahya\u2019daki en ba\u015far\u0131l\u0131 m\u00fcd\u00fcrler aras\u0131nda yer ald\u0131. \u015eu an bakanl\u0131k b\u00fcnyesinde g\u00f6rev yap\u0131yor. K\u00fctahya\u2019daki g\u00f6rev s\u00fcresince \u00f6zellikle bas\u0131n mensuplar\u0131n\u0131n i\u015flerini kolayla\u015ft\u0131rarak \u00f6nemli katk\u0131lar sundu. Kendisine \u015f\u00fckranlar\u0131m\u0131z\u0131 sunuyoruz&#8221; dedi.<br \/>\n<br \/>Sa\u011flam ve beraberindeki bas\u0131n mensuplar\u0131, Hasan Ba\u015fyi\u011fit\u2019e te\u015fekk\u00fcr belgesi takdim etti. Ayr\u0131ca, Gazeteci \u0130hsan Tun\u00e7o\u011flu, ba\u015fkanl\u0131\u011f\u0131n\u0131 y\u00fcr\u00fctt\u00fc\u011f\u00fc Sosyal Yard\u0131m ve K\u00fclt\u00fcr Vakf\u0131 ad\u0131na Ba\u015fyi\u011fit\u2019e bir te\u015fekk\u00fcr belgesi sundu.<br \/>\n<br \/>Bu arada, Ba\u015fkan Erkan Sa\u011flam, K\u00fctahya\u2019ya ve K\u00fctahya bas\u0131n\u0131na destekleri nedeniyle \u0130hsan Tun\u00e7o\u011flu\u2019na te\u015fekk\u00fcr belgesi ve cemiyetin ambleminin bulundu\u011fu \u00e7ini tabak takdim etti.<br \/>\n<br \/>Vefa yeme\u011fi, samimi bir ortamda ger\u00e7ekle\u015firken, Hasan Ba\u015fyi\u011fit\u2019e yeni g\u00f6revinde ba\u015far\u0131 dilekleri iletildi.<br \/><\/p>\n","protected":false},"excerpt":{"rendered":"<p>K\u00fctahya\u2019da 8 y\u0131l boyunca \u0130l Milli E\u011fitim M\u00fcd\u00fcrl\u00fc\u011f\u00fc g\u00f6revini y\u00fcr\u00fcten Hasan Ba\u015fyi\u011fit i\u00e7in vefa yeme\u011fi d\u00fczenlendi. Programa, K\u00fctahya Gazeteciler Cemiyeti Ba\u015fkan\u0131 Erkan Sa\u011flam, \u0130hlas Haber Ajans\u0131 K\u00fctahya Temsilcisi H\u00fcseyin Efe, gazeteci-yazarlar \u0130hsan Tun\u00e7o\u011flu ve Tuncay Varol kat\u0131ld\u0131. Yemekte konu\u015fan Gazeteciler Cemiyeti Ba\u015fkan\u0131 Erkan Sa\u011flam, Hasan Ba\u015fyi\u011fit\u2019in g\u00f6rev s\u00fcresi boyunca K\u00fctahya\u2019da ba\u015far\u0131l\u0131 \u00e7al\u0131\u015fmalara imza att\u0131\u011f\u0131n\u0131 belirterek,&#8230;<\/p>\n","protected":false},"author":1,"featured_media":16879,"comment_status":"open","ping_status":"open","sticky":false,"template":"","format":"standard","meta":{"_crdt_document":"","footnotes":""},"categories":[123],"tags":[],"class_list":["post-16878","post","type-post","status-publish","format-standard","has-post-thumbnail","hentry","category-gundem"],"_links":{"self":[{"href":"https:\/\/www.egemtv.com\/index.php?rest_route=\/wp\/v2\/posts\/16878","targetHints":{"allow":["GET"]}}],"collection":[{"href":"https:\/\/www.egemtv.com\/index.php?rest_route=\/wp\/v2\/posts"}],"about":[{"href":"https:\/\/www.egemtv.com\/index.php?rest_route=\/wp\/v2\/types\/post"}],"author":[{"embeddable":true,"href":"https:\/\/www.egemtv.com\/index.php?rest_route=\/wp\/v2\/users\/1"}],"replies":[{"embeddable":true,"href":"https:\/\/www.egemtv.com\/index.php?rest_route=%2Fwp%2Fv2%2Fcomments&post=16878"}],"version-history":[{"count":1,"href":"https:\/\/www.egemtv.com\/index.php?rest_route=\/wp\/v2\/posts\/16878\/revisions"}],"predecessor-version":[{"id":16880,"href":"https:\/\/www.egemtv.com\/index.php?rest_route=\/wp\/v2\/posts\/16878\/revisions\/16880"}],"wp:featuredmedia":[{"embeddable":true,"href":"https:\/\/www.egemtv.com\/index.php?rest_route=\/wp\/v2\/media\/16879"}],"wp:attachment":[{"href":"https:\/\/www.egemtv.com\/index.php?rest_route=%2Fwp%2Fv2%2Fmedia&parent=16878"}],"wp:term":[{"taxonomy":"category","embeddable":true,"href":"https:\/\/www.egemtv.com\/index.php?rest_route=%2Fwp%2Fv2%2Fcategories&post=16878"},{"taxonomy":"post_tag","embeddable":true,"href":"https:\/\/www.egemtv.com\/index.php?rest_route=%2Fwp%2Fv2%2Ftags&post=16878"}],"curies":[{"name":"wp","href":"https:\/\/api.w.org\/{rel}","templated":true}]}}