{"id":16875,"date":"2025-02-07T18:13:20","date_gmt":"2025-02-07T15:13:20","guid":{"rendered":"https:\/\/www.egemtv.com\/?p=16875"},"modified":"2025-02-07T18:13:26","modified_gmt":"2025-02-07T15:13:26","slug":"saglik-mudurunden-sigara-birakma-cagrisi","status":"publish","type":"post","link":"https:\/\/www.egemtv.com\/?p=16875","title":{"rendered":"Sa\u011fl\u0131k M\u00fcd\u00fcr\u00fcnden sigara b\u0131rakma \u00e7a\u011fr\u0131s\u0131"},"content":{"rendered":"<p>D\u00fcnya Sigara B\u0131rakma G\u00fcn\u00fc dolay\u0131s\u0131yla bir a\u00e7\u0131klama yapan Manisa \u0130l Sa\u011fl\u0131k M\u00fcd\u00fcr\u00fc Uzm. Dr. Erol Karaca, sa\u011fl\u0131kl\u0131 bir ya\u015fam i\u00e7in sigaran\u0131n b\u0131rak\u0131lmas\u0131 gerekti\u011fini s\u00f6yledi.<br \/>\n<br \/>Manisa \u0130l Sa\u011fl\u0131k M\u00fcd\u00fcr\u00fc Uzm. Dr. Erol Karaca, 9 \u015eubat D\u00fcnya Sigaray\u0131 B\u0131rakma G\u00fcn\u00fc dolay\u0131s\u0131yla \u2019Sa\u011fl\u0131kl\u0131 Bir Ya\u015fam \u0130\u00e7in Sigaray\u0131 B\u0131rak\u2019 diyerek \u00f6nemli a\u00e7\u0131klamalarda bulundu. Karaca, sigaran\u0131n k\u00fcresel bir sa\u011fl\u0131k sorunu oldu\u011funu vurgulayarak t\u00fct\u00fcn kullan\u0131m\u0131n\u0131n yol a\u00e7t\u0131\u011f\u0131 zararlara kar\u015f\u0131 toplumsal fark\u0131ndal\u0131\u011f\u0131n artt\u0131r\u0131lmas\u0131 gerekti\u011fini belirtti.<br \/>\n<br \/>Uzm. Dr. Erol Karaca, sigara i\u00e7en bireylerin yan\u0131 s\u0131ra, pasif i\u00e7icilerin de t\u00fct\u00fcn duman\u0131na maruz kalmalar\u0131n\u0131n sa\u011fl\u0131k \u00fczerindeki etkilerine dikkat \u00e7ekerek, &#8220;Gen\u00e7lerimizi sigaran\u0131n ve t\u00fct\u00fcn \u00fcr\u00fcnlerinin zararl\u0131 etkilerinden korumak, gelece\u011fin sa\u011fl\u0131kl\u0131 bireylerinin yeti\u015fmesinde b\u00fcy\u00fck \u00f6nem ta\u015f\u0131yor.&#8221; dedi.<br \/>\n<br \/>Manisa\u2019daki sigaray\u0131 b\u0131rakma polikliniklerinin \u00e7al\u0131\u015fmalar\u0131 hakk\u0131nda da a\u00e7\u0131klamalarda bulunan Karaca, &#8220;2024 y\u0131l\u0131nda, Manisa\u2019daki Sigara B\u0131rakma Poliklini\u011fi (SBP) hizmetlerinden 3 bin 706 ki\u015fi faydaland\u0131 ve 390 ki\u015fi sigaray\u0131 b\u0131rakmay\u0131 ba\u015fard\u0131. Ayr\u0131ca, 2024 y\u0131l\u0131 i\u00e7erisinde toplamda 2 bin 932 sigara b\u0131rakma ilac\u0131 \u00fccretsiz olarak temin edildi. 2025 y\u0131l\u0131 itibariyle, sigara b\u0131rakma hizmetlerinin daha geni\u015f bir kitleye ula\u015fabilmesi i\u00e7in Manisa genelinde Sigara B\u0131rakma Poliklini\u011fi say\u0131s\u0131 25\u2019ten 28\u2019e \u00e7\u0131kar\u0131ld\u0131. Vatanda\u015flar\u0131m\u0131z sigaray\u0131 b\u0131rakmak i\u00e7in \u0130l\u00e7e Sa\u011fl\u0131k M\u00fcd\u00fcrl\u00fckleri, Sa\u011fl\u0131kl\u0131 Hayat Merkezleri veya Hastanelerimize m\u00fcracaat edebilirler.&#8221; diye konu\u015ftu.<br \/>\n<br \/>Uzm. Dr. Karaca, sigara b\u0131rakman\u0131n zorlay\u0131c\u0131 bir s\u00fcre\u00e7 olabilece\u011fini ancak imk\u00e2ns\u0131z olmad\u0131\u011f\u0131n\u0131 belirtti. Her sigaray\u0131 b\u0131rakma deneyiminin, bir sonraki giri\u015fim i\u00e7in \u00f6nemli bir \u00f6\u011frenme f\u0131rsat\u0131 sundu\u011funu ifade eden Karaca, &#8220;Sigara b\u0131rakma s\u00fcreci, bir iyile\u015fme s\u00fcrecidir ve bu s\u00fcre\u00e7te kararl\u0131l\u0131k en \u00f6nemli fakt\u00f6rd\u00fcr. Bireyler, kendilerine g\u00fcvenmeli, profesyonel destek alarak m\u00fccadeleye devam etmelidir&#8221; \u015feklinde konu\u015ftu.<br \/>\n<br \/>Manisa \u0130l Sa\u011fl\u0131k M\u00fcd\u00fcrl\u00fc\u011f\u00fc olarak, sigara ba\u011f\u0131ml\u0131l\u0131\u011f\u0131yla m\u00fccadele kapsam\u0131nda Sigara B\u0131rakma Poliklinikleri ve ALO 171 Sigara B\u0131rakma Dan\u0131\u015fma Hatt\u0131 gibi \u00fccretsiz hizmetlerin vatanda\u015flara sunuldu\u011funu hat\u0131rlatan Karaca, sigara b\u0131rakma konusunda ba\u015fvurular\u0131n her zaman a\u00e7\u0131k oldu\u011funu belirtti.<br \/><\/p>\n","protected":false},"excerpt":{"rendered":"<p>D\u00fcnya Sigara B\u0131rakma G\u00fcn\u00fc dolay\u0131s\u0131yla bir a\u00e7\u0131klama yapan Manisa \u0130l Sa\u011fl\u0131k M\u00fcd\u00fcr\u00fc Uzm. Dr. Erol Karaca, sa\u011fl\u0131kl\u0131 bir ya\u015fam i\u00e7in sigaran\u0131n b\u0131rak\u0131lmas\u0131 gerekti\u011fini s\u00f6yledi. Manisa \u0130l Sa\u011fl\u0131k M\u00fcd\u00fcr\u00fc Uzm. Dr. Erol Karaca, 9 \u015eubat D\u00fcnya Sigaray\u0131 B\u0131rakma G\u00fcn\u00fc dolay\u0131s\u0131yla \u2019Sa\u011fl\u0131kl\u0131 Bir Ya\u015fam \u0130\u00e7in Sigaray\u0131 B\u0131rak\u2019 diyerek \u00f6nemli a\u00e7\u0131klamalarda bulundu. Karaca, sigaran\u0131n k\u00fcresel bir sa\u011fl\u0131k sorunu&#8230;<\/p>\n","protected":false},"author":1,"featured_media":16876,"comment_status":"open","ping_status":"open","sticky":false,"template":"","format":"standard","meta":{"_crdt_document":"","footnotes":""},"categories":[2],"tags":[],"class_list":["post-16875","post","type-post","status-publish","format-standard","has-post-thumbnail","hentry","category-saglik"],"_links":{"self":[{"href":"https:\/\/www.egemtv.com\/index.php?rest_route=\/wp\/v2\/posts\/16875","targetHints":{"allow":["GET"]}}],"collection":[{"href":"https:\/\/www.egemtv.com\/index.php?rest_route=\/wp\/v2\/posts"}],"about":[{"href":"https:\/\/www.egemtv.com\/index.php?rest_route=\/wp\/v2\/types\/post"}],"author":[{"embeddable":true,"href":"https:\/\/www.egemtv.com\/index.php?rest_route=\/wp\/v2\/users\/1"}],"replies":[{"embeddable":true,"href":"https:\/\/www.egemtv.com\/index.php?rest_route=%2Fwp%2Fv2%2Fcomments&post=16875"}],"version-history":[{"count":1,"href":"https:\/\/www.egemtv.com\/index.php?rest_route=\/wp\/v2\/posts\/16875\/revisions"}],"predecessor-version":[{"id":16877,"href":"https:\/\/www.egemtv.com\/index.php?rest_route=\/wp\/v2\/posts\/16875\/revisions\/16877"}],"wp:featuredmedia":[{"embeddable":true,"href":"https:\/\/www.egemtv.com\/index.php?rest_route=\/wp\/v2\/media\/16876"}],"wp:attachment":[{"href":"https:\/\/www.egemtv.com\/index.php?rest_route=%2Fwp%2Fv2%2Fmedia&parent=16875"}],"wp:term":[{"taxonomy":"category","embeddable":true,"href":"https:\/\/www.egemtv.com\/index.php?rest_route=%2Fwp%2Fv2%2Fcategories&post=16875"},{"taxonomy":"post_tag","embeddable":true,"href":"https:\/\/www.egemtv.com\/index.php?rest_route=%2Fwp%2Fv2%2Ftags&post=16875"}],"curies":[{"name":"wp","href":"https:\/\/api.w.org\/{rel}","templated":true}]}}