{"id":16864,"date":"2025-02-07T17:57:08","date_gmt":"2025-02-07T14:57:08","guid":{"rendered":"https:\/\/www.egemtv.com\/?p=16864"},"modified":"2025-02-07T17:57:39","modified_gmt":"2025-02-07T14:57:39","slug":"baskan-dogancadan-kuyucak-deve-guresi-senliklerine-davet-3","status":"publish","type":"post","link":"https:\/\/www.egemtv.com\/?p=16864","title":{"rendered":"Ba\u015fkan Do\u011fanca\u2019dan Kuyucak Deve G\u00fcre\u015fi \u015eenliklerine davet"},"content":{"rendered":"<p>Ayd\u0131n\u2019\u0131n Kuyucak il\u00e7esinde 9 \u015eubat Pazar g\u00fcn\u00fc ger\u00e7ekle\u015ftirilecek olan deve g\u00fcre\u015fleri i\u00e7in haz\u0131rl\u0131klar tamamland\u0131. Kuyucak Belediye Ba\u015fkan\u0131 U\u011fur Do\u011fanca, t\u00fcm g\u00fcre\u015fseverleri \u015fenliklere davet etti.<\/p>\n<p>Ege, Marmara ve Akdeniz B\u00f6lgeleri\u2019nin vazge\u00e7ilmez k\u00fclt\u00fcrel etkinliklerinden deve g\u00fcre\u015fi festivallerinde heyecan s\u00fcr\u00fcyor. Deveci K\u00fclt\u00fcr\u00fc ve Deve G\u00fcre\u015fleri Federasyonu (DEG\u00dcF) taraf\u0131ndan 9 \u015eubat Pazar g\u00fcn\u00fc ger\u00e7ekle\u015ftirilecek olan Kuyucak deve g\u00fcre\u015fleri i\u00e7in son haz\u0131rl\u0131klar da tamamland\u0131.<\/p>\n<p>Ba\u015fkan Do\u011fanca herkesi \u015fenliklere davet etti<br \/>\n<br \/>Kuyucak Belediyesi\u2019nin katk\u0131lar\u0131yla ger\u00e7ekle\u015ftirilecek olan y\u0131l\u0131n b\u00fcy\u00fck deve g\u00fcre\u015fi i\u00e7in geri say\u0131m ba\u015flarken, Kuyucak Belediye Ba\u015fkan\u0131 U\u011fur Do\u011fanca, 9 \u015eubat Pazar g\u00fcn\u00fc yap\u0131lacak olan Deve G\u00fcre\u015fi Festivali\u2019ne t\u00fcm vatanda\u015flar\u0131 davet etti. Ba\u015fkan do\u011fanca: &#8220;Y\u0131l\u0131n en heyecanl\u0131 g\u00fcre\u015flerinden biri olan Kuyucak Belediyesi Deve G\u00fcre\u015fleri Festivali, Kuyucak Arenas\u0131\u2019nda yap\u0131lacak. Belediyemizin katk\u0131lar\u0131yla d\u00fczenlenecek olan Kuyucak Deve G\u00fcre\u015fleri Festivali\u2019ne T\u00fcrkiye\u2019nin 3 b\u00f6lgesinin birbirinden \u00fcnl\u00fc pehlivan develeri kat\u0131lacak. Kuyucak Deve G\u00fcre\u015fi Arenas\u0131\u2019nda 9 \u015eubat 2025 Pazar g\u00fcn\u00fc yap\u0131lacak olan ve pehlivan develerin k\u0131ran k\u0131rana m\u00fccadelesine sahne olacak g\u00fcre\u015fler i\u00e7in haz\u0131rl\u0131klar da tamamland\u0131. 8 \u015eubat Cumartesi g\u00fcn\u00fc saat 13.00\u2019te Kuyucak Belediyesi \u00f6n\u00fcnden kortej y\u00fcr\u00fcy\u00fc\u015f\u00fc ile \u015fenliklerimizi ba\u015flataca\u011f\u0131z. 9 \u015eubat Pazar g\u00fcn\u00fc de t\u00fcm halk\u0131m\u0131z\u0131 deve g\u00fcre\u015fi \u015fenliklerimize bekliyoruz&#8221; dedi.<br \/><\/p>\n","protected":false},"excerpt":{"rendered":"<p>Ayd\u0131n\u2019\u0131n Kuyucak il\u00e7esinde 9 \u015eubat Pazar g\u00fcn\u00fc ger\u00e7ekle\u015ftirilecek olan deve g\u00fcre\u015fleri i\u00e7in haz\u0131rl\u0131klar tamamland\u0131. Kuyucak Belediye Ba\u015fkan\u0131 U\u011fur Do\u011fanca, t\u00fcm g\u00fcre\u015fseverleri \u015fenliklere davet etti. Ege, Marmara ve Akdeniz B\u00f6lgeleri\u2019nin vazge\u00e7ilmez k\u00fclt\u00fcrel etkinliklerinden deve g\u00fcre\u015fi festivallerinde heyecan s\u00fcr\u00fcyor. Deveci K\u00fclt\u00fcr\u00fc ve Deve G\u00fcre\u015fleri Federasyonu (DEG\u00dcF) taraf\u0131ndan 9 \u015eubat Pazar g\u00fcn\u00fc ger\u00e7ekle\u015ftirilecek olan Kuyucak deve g\u00fcre\u015fleri i\u00e7in&#8230;<\/p>\n","protected":false},"author":1,"featured_media":16867,"comment_status":"open","ping_status":"open","sticky":false,"template":"","format":"standard","meta":{"_crdt_document":"","footnotes":""},"categories":[1],"tags":[],"class_list":["post-16864","post","type-post","status-publish","format-standard","has-post-thumbnail","hentry","category-guncel"],"_links":{"self":[{"href":"https:\/\/www.egemtv.com\/index.php?rest_route=\/wp\/v2\/posts\/16864","targetHints":{"allow":["GET"]}}],"collection":[{"href":"https:\/\/www.egemtv.com\/index.php?rest_route=\/wp\/v2\/posts"}],"about":[{"href":"https:\/\/www.egemtv.com\/index.php?rest_route=\/wp\/v2\/types\/post"}],"author":[{"embeddable":true,"href":"https:\/\/www.egemtv.com\/index.php?rest_route=\/wp\/v2\/users\/1"}],"replies":[{"embeddable":true,"href":"https:\/\/www.egemtv.com\/index.php?rest_route=%2Fwp%2Fv2%2Fcomments&post=16864"}],"version-history":[{"count":1,"href":"https:\/\/www.egemtv.com\/index.php?rest_route=\/wp\/v2\/posts\/16864\/revisions"}],"predecessor-version":[{"id":16873,"href":"https:\/\/www.egemtv.com\/index.php?rest_route=\/wp\/v2\/posts\/16864\/revisions\/16873"}],"wp:featuredmedia":[{"embeddable":true,"href":"https:\/\/www.egemtv.com\/index.php?rest_route=\/wp\/v2\/media\/16867"}],"wp:attachment":[{"href":"https:\/\/www.egemtv.com\/index.php?rest_route=%2Fwp%2Fv2%2Fmedia&parent=16864"}],"wp:term":[{"taxonomy":"category","embeddable":true,"href":"https:\/\/www.egemtv.com\/index.php?rest_route=%2Fwp%2Fv2%2Fcategories&post=16864"},{"taxonomy":"post_tag","embeddable":true,"href":"https:\/\/www.egemtv.com\/index.php?rest_route=%2Fwp%2Fv2%2Ftags&post=16864"}],"curies":[{"name":"wp","href":"https:\/\/api.w.org\/{rel}","templated":true}]}}