{"id":16854,"date":"2025-02-07T17:56:36","date_gmt":"2025-02-07T14:56:36","guid":{"rendered":"https:\/\/www.egemtv.com\/?p=16854"},"modified":"2025-02-07T17:57:07","modified_gmt":"2025-02-07T14:57:07","slug":"incirliovaya-ucuz-et-magazasi-icin-imzalar-atildi-3","status":"publish","type":"post","link":"https:\/\/www.egemtv.com\/?p=16854","title":{"rendered":"\u0130ncirliova\u2019ya ucuz et ma\u011fazas\u0131 i\u00e7in imzalar at\u0131ld\u0131"},"content":{"rendered":"<p>\u0130ncirliova Belediyesi ile Et ve S\u00fct Kurumu aras\u0131nda protokol imzaland\u0131. \u0130ncirliova Belediye Ba\u015fkan\u0131 Aytekin Kaya ve Et ve S\u00fct Kurumu Denizli Et Kombinas\u0131 M\u00fcd\u00fcr\u00fc Alper Durmu\u015f\u2019un kar\u015f\u0131l\u0131kl\u0131 imza att\u0131\u011f\u0131 protokol ile uygun fiyatl\u0131 et \u00fcr\u00fcnleri sat\u0131\u015f\u0131 yapan Et ve S\u00fct Kurumu (ESK) Ayd\u0131n\u2019daki ilk sat\u0131\u015f ma\u011fazas\u0131n\u0131 \u0130ncirliova\u2019da a\u00e7acak.<\/p>\n<p>Tren yolunun hemen \u00fczerinde yer alan \u0130ncirliova Hamam\u0131 yan\u0131ndaki belediye d\u00fckkanlar\u0131n\u0131n Et ve S\u00fct Kurumuna kiralanmas\u0131n\u0131 i\u00e7eren protokol ile \u0130ncirlioval\u0131 vatanda\u015flar ucuz fiyatl\u0131 et ve tavuk \u00fcr\u00fcnlerine ula\u015fabilecek. Ba\u015fkan Kaya\u2019n\u0131n giri\u015fimleri ile il\u00e7eye kazand\u0131r\u0131lan ma\u011faza T\u00fcrkiye genelinde 17 sat\u0131\u015f ma\u011fazas\u0131 bulunan Et ve S\u00fct Kurumu\u2019nun 18. sat\u0131\u015f ma\u011fazas\u0131 olacak. \u0130ncirliova Belediyesi\u2019nde ger\u00e7ekle\u015fen protokol imza t\u00f6reninde \u0130ncirliova Belediye Ba\u015fkan Yard\u0131mc\u0131lar\u0131 Metin Korucu, Polat Tanr\u0131kulu, \u00c7etin Bayatl\u0131 ile Et ve S\u00fct Kurumu Denizli Et Kombinas\u0131 M\u00fcd\u00fcr Yard\u0131mc\u0131s\u0131 Samet Erdo\u011fan da yer ald\u0131.<\/p>\n<p>Protokol imza t\u00f6reninin ard\u0131ndan a\u00e7\u0131klama yapan Et ve S\u00fct Kurumu Denizli Et Kombinas\u0131 M\u00fcd\u00fcr\u2019\u00fc Alper Durmu\u015f ma\u011fazan\u0131n il\u00e7eye hay\u0131rl\u0131 u\u011furlu olmas\u0131 temennisinde bulunarak, sat\u0131\u015f ma\u011fazas\u0131n\u0131n en k\u0131sa s\u00fcrede a\u00e7\u0131lmas\u0131 i\u00e7in \u00e7al\u0131\u015fmalara h\u0131zl\u0131 bir \u015fekilde ba\u015flayacaklar\u0131n\u0131 belirtti.<\/p>\n<p>\u0130ncirliova Belediyesi ile Et ve S\u00fct Kurumu aras\u0131nda yap\u0131lan protokol\u00fcn ard\u0131ndan konu\u015fan Ba\u015fkan Kaya, &#8220;\u0130ncirliova Hamam\u0131 yan\u0131ndaki belediyemiz d\u00fckkanlar\u0131nda hizmete a\u00e7\u0131lacak Et ve S\u00fct Kurumu\u2019nun \u0130ncirliovam\u0131zdaki sat\u0131\u015f ma\u011fazas\u0131 i\u00e7in belediyemiz ile Et ve S\u00fct Kurumu Denizli Et Kombinas\u0131 aras\u0131nda d\u00fczenlenen protokol\u00fc imzalad\u0131k. Bu protokol ile Et ve S\u00fct Kurumu\u2019nun Ayd\u0131n\u2019daki ilk sat\u0131\u015f ma\u011fazas\u0131 \u0130ncirliovam\u0131zda a\u00e7\u0131lacak. \u0130ncirlioval\u0131 hem\u015ferilerimiz T\u00fcrkiye genelindeki en uygun fiyatlarla, et ve tavuk al\u0131\u015fveri\u015flerini \u0130ncirliovam\u0131zda yapabilecekler. Vatanda\u015flar\u0131m\u0131z\u0131n mutfak masraflar\u0131na katk\u0131 sa\u011flamas\u0131 ve il\u00e7emizin geli\u015fimi  a\u00e7\u0131s\u0131ndan \u00e7ok \u00f6nemli bir hizmeti il\u00e7emize kazand\u0131rman\u0131n mutlulu\u011funu ya\u015f\u0131yoruz. Et ve S\u00fct Kurumu sat\u0131\u015f ma\u011fazas\u0131n\u0131n il\u00e7emize kazand\u0131r\u0131lmas\u0131nda eme\u011fi ge\u00e7en AK Parti Ayd\u0131n Milletvekillerimize, Denizli Et Kombinas\u0131 M\u00fcd\u00fcr\u00fc Say\u0131n Alper Durmu\u015f\u2019a ve bu s\u00fcre\u00e7te bizlere destek olan herkese ayr\u0131 ayr\u0131 te\u015fekk\u00fcr ediyorum. Geli\u015fen ve b\u00fcy\u00fcyen \u0130ncirliovam\u0131z i\u00e7in \u00e7al\u0131\u015fmaya devam edece\u011fiz. Et ve S\u00fct Kurumu sat\u0131\u015f ma\u011fazam\u0131z il\u00e7emize hay\u0131rl\u0131 u\u011furlu olsun&#8221; dedi.<br \/><\/p>\n","protected":false},"excerpt":{"rendered":"<p>\u0130ncirliova Belediyesi ile Et ve S\u00fct Kurumu aras\u0131nda protokol imzaland\u0131. \u0130ncirliova Belediye Ba\u015fkan\u0131 Aytekin Kaya ve Et ve S\u00fct Kurumu Denizli Et Kombinas\u0131 M\u00fcd\u00fcr\u00fc Alper Durmu\u015f\u2019un kar\u015f\u0131l\u0131kl\u0131 imza att\u0131\u011f\u0131 protokol ile uygun fiyatl\u0131 et \u00fcr\u00fcnleri sat\u0131\u015f\u0131 yapan Et ve S\u00fct Kurumu (ESK) Ayd\u0131n\u2019daki ilk sat\u0131\u015f ma\u011fazas\u0131n\u0131 \u0130ncirliova\u2019da a\u00e7acak. Tren yolunun hemen \u00fczerinde yer alan \u0130ncirliova&#8230;<\/p>\n","protected":false},"author":1,"featured_media":16856,"comment_status":"open","ping_status":"open","sticky":false,"template":"","format":"standard","meta":{"_crdt_document":"","footnotes":""},"categories":[1],"tags":[],"class_list":["post-16854","post","type-post","status-publish","format-standard","has-post-thumbnail","hentry","category-guncel"],"_links":{"self":[{"href":"https:\/\/www.egemtv.com\/index.php?rest_route=\/wp\/v2\/posts\/16854","targetHints":{"allow":["GET"]}}],"collection":[{"href":"https:\/\/www.egemtv.com\/index.php?rest_route=\/wp\/v2\/posts"}],"about":[{"href":"https:\/\/www.egemtv.com\/index.php?rest_route=\/wp\/v2\/types\/post"}],"author":[{"embeddable":true,"href":"https:\/\/www.egemtv.com\/index.php?rest_route=\/wp\/v2\/users\/1"}],"replies":[{"embeddable":true,"href":"https:\/\/www.egemtv.com\/index.php?rest_route=%2Fwp%2Fv2%2Fcomments&post=16854"}],"version-history":[{"count":1,"href":"https:\/\/www.egemtv.com\/index.php?rest_route=\/wp\/v2\/posts\/16854\/revisions"}],"predecessor-version":[{"id":16863,"href":"https:\/\/www.egemtv.com\/index.php?rest_route=\/wp\/v2\/posts\/16854\/revisions\/16863"}],"wp:featuredmedia":[{"embeddable":true,"href":"https:\/\/www.egemtv.com\/index.php?rest_route=\/wp\/v2\/media\/16856"}],"wp:attachment":[{"href":"https:\/\/www.egemtv.com\/index.php?rest_route=%2Fwp%2Fv2%2Fmedia&parent=16854"}],"wp:term":[{"taxonomy":"category","embeddable":true,"href":"https:\/\/www.egemtv.com\/index.php?rest_route=%2Fwp%2Fv2%2Fcategories&post=16854"},{"taxonomy":"post_tag","embeddable":true,"href":"https:\/\/www.egemtv.com\/index.php?rest_route=%2Fwp%2Fv2%2Ftags&post=16854"}],"curies":[{"name":"wp","href":"https:\/\/api.w.org\/{rel}","templated":true}]}}