{"id":16848,"date":"2025-02-07T17:23:16","date_gmt":"2025-02-07T14:23:16","guid":{"rendered":"https:\/\/www.egemtv.com\/?p=16848"},"modified":"2025-02-07T17:23:21","modified_gmt":"2025-02-07T14:23:21","slug":"kuzeninden-devraldigi-uyusturucu-ticaretinden-sucustu-yakalandi","status":"publish","type":"post","link":"https:\/\/www.egemtv.com\/?p=16848","title":{"rendered":"Kuzeninden devrald\u0131\u011f\u0131 uyu\u015fturucu ticaretinden su\u00e7\u00fcst\u00fc yakaland\u0131"},"content":{"rendered":"<p>\u0130zmir\u2019in Bergama il\u00e7esinde kuzeni tutuklan\u0131nca uyu\u015fturucu ticareti i\u015fini devralan \u015fah\u0131s ile 3 ki\u015fi, d\u00fczenlenen operasyonla yakaland\u0131.<br \/>\n<br \/>Bergama Cumhuriyet Ba\u015fsavc\u0131l\u0131\u011f\u0131 koordinesinde Bergama \u0130l\u00e7e Emniyet M\u00fcd\u00fcrl\u00fc\u011f\u00fc Asayi\u015f B\u00fcro Amirli\u011fi ekipleri taraf\u0131ndan 5 \u015eubat\u2019ta uyu\u015fturucu tacirlerine y\u00f6nelik operasyon d\u00fczenlendi. Yap\u0131lan operasyonda \u0130slamsaray Mahallesi\u2019nde 4 \u015f\u00fcpheli su\u00e7\u00fcst\u00fc yakaland\u0131. Uyu\u015fturucu madde ticareti su\u00e7undan g\u00f6zalt\u0131na al\u0131nan M.D., P.C.M., K.T. ve S.K. isimli \u015fah\u0131slar\u0131n evlerinde ve ara\u00e7lar\u0131nda yap\u0131lan aramalarda uyu\u015fturucu madde, uyu\u015fturucu maddeleri tartmakta kullan\u0131lan hassas terazi, ruhsats\u0131z tabanca ve uyu\u015fturucu madde ticaretinden elde edildi\u011fi de\u011ferlendirilen y\u00fckl\u00fc miktarda nakit para ele ge\u00e7irildi. \u015e\u00fcphelilerden M.D.\u2019nin uyu\u015fturucu madde ticareti su\u00e7undan 14 y\u0131l ceza alan ve ve 27 Ocak\u2019ta cezaevine g\u00f6t\u00fcr\u00fcl\u00fcrken ka\u00e7maya \u00e7al\u0131\u015f\u0131nca aya\u011f\u0131ndan vurularak yakalanan, tedavisi sonras\u0131 cezaevine g\u00f6nderilen T.D\u2019nin kuzeni oldu\u011fu \u00f6\u011frenildi. M.D.\u2019nin uyu\u015fturucu ticaretini ayn\u0131 su\u00e7tan cezaevine g\u00f6nderilen kuzeni T.D.\u2019den devrald\u0131\u011f\u0131 ortaya \u00e7\u0131kt\u0131.<br \/>\n<br \/>Emniyette i\u015flemleri tamamlanarak 6 \u015eubat\u2019ta adliyeye sevk edilen 4 \u015f\u00fcpheli, \u00e7\u0131kar\u0131ld\u0131klar\u0131 mahkemece tutuklanarak cezaevine g\u00f6nderildi.<br \/><\/p>\n","protected":false},"excerpt":{"rendered":"<p>\u0130zmir\u2019in Bergama il\u00e7esinde kuzeni tutuklan\u0131nca uyu\u015fturucu ticareti i\u015fini devralan \u015fah\u0131s ile 3 ki\u015fi, d\u00fczenlenen operasyonla yakaland\u0131. Bergama Cumhuriyet Ba\u015fsavc\u0131l\u0131\u011f\u0131 koordinesinde Bergama \u0130l\u00e7e Emniyet M\u00fcd\u00fcrl\u00fc\u011f\u00fc Asayi\u015f B\u00fcro Amirli\u011fi ekipleri taraf\u0131ndan 5 \u015eubat\u2019ta uyu\u015fturucu tacirlerine y\u00f6nelik operasyon d\u00fczenlendi. Yap\u0131lan operasyonda \u0130slamsaray Mahallesi\u2019nde 4 \u015f\u00fcpheli su\u00e7\u00fcst\u00fc yakaland\u0131. Uyu\u015fturucu madde ticareti su\u00e7undan g\u00f6zalt\u0131na al\u0131nan M.D., P.C.M., K.T. ve S.K&#8230;.<\/p>\n","protected":false},"author":1,"featured_media":16849,"comment_status":"open","ping_status":"open","sticky":false,"template":"","format":"standard","meta":{"_crdt_document":"","footnotes":""},"categories":[5],"tags":[],"class_list":["post-16848","post","type-post","status-publish","format-standard","has-post-thumbnail","hentry","category-asayis"],"_links":{"self":[{"href":"https:\/\/www.egemtv.com\/index.php?rest_route=\/wp\/v2\/posts\/16848","targetHints":{"allow":["GET"]}}],"collection":[{"href":"https:\/\/www.egemtv.com\/index.php?rest_route=\/wp\/v2\/posts"}],"about":[{"href":"https:\/\/www.egemtv.com\/index.php?rest_route=\/wp\/v2\/types\/post"}],"author":[{"embeddable":true,"href":"https:\/\/www.egemtv.com\/index.php?rest_route=\/wp\/v2\/users\/1"}],"replies":[{"embeddable":true,"href":"https:\/\/www.egemtv.com\/index.php?rest_route=%2Fwp%2Fv2%2Fcomments&post=16848"}],"version-history":[{"count":1,"href":"https:\/\/www.egemtv.com\/index.php?rest_route=\/wp\/v2\/posts\/16848\/revisions"}],"predecessor-version":[{"id":16850,"href":"https:\/\/www.egemtv.com\/index.php?rest_route=\/wp\/v2\/posts\/16848\/revisions\/16850"}],"wp:featuredmedia":[{"embeddable":true,"href":"https:\/\/www.egemtv.com\/index.php?rest_route=\/wp\/v2\/media\/16849"}],"wp:attachment":[{"href":"https:\/\/www.egemtv.com\/index.php?rest_route=%2Fwp%2Fv2%2Fmedia&parent=16848"}],"wp:term":[{"taxonomy":"category","embeddable":true,"href":"https:\/\/www.egemtv.com\/index.php?rest_route=%2Fwp%2Fv2%2Fcategories&post=16848"},{"taxonomy":"post_tag","embeddable":true,"href":"https:\/\/www.egemtv.com\/index.php?rest_route=%2Fwp%2Fv2%2Ftags&post=16848"}],"curies":[{"name":"wp","href":"https:\/\/api.w.org\/{rel}","templated":true}]}}