{"id":16845,"date":"2025-02-07T16:48:21","date_gmt":"2025-02-07T13:48:21","guid":{"rendered":"https:\/\/www.egemtv.com\/?p=16845"},"modified":"2025-02-07T16:48:28","modified_gmt":"2025-02-07T13:48:28","slug":"okul-sporlari-oryantiring-il-birinciligi-yarismalari-tamamlandi","status":"publish","type":"post","link":"https:\/\/www.egemtv.com\/?p=16845","title":{"rendered":"Okul Sporlar\u0131 Oryantiring \u0130l Birincili\u011fi Yar\u0131\u015fmalar\u0131 tamamland\u0131"},"content":{"rendered":"<p>Manisa Gen\u00e7lik ve Spor \u0130l M\u00fcd\u00fcrl\u00fc\u011f\u00fc taraf\u0131ndan d\u00fczenlenen 2024-2025 E\u011fitim \u00d6\u011fretim Y\u0131l\u0131 Okul Sporlar\u0131 Oryantiring A ve B Gen\u00e7ler K\u0131z ve Erkekler \u0130l Birincili\u011fi Yar\u0131\u015fmalar\u0131, Akhisar il\u00e7esi G\u00f6let mevkiinde b\u00fcy\u00fck bir heyecanla ger\u00e7ekle\u015ftirildi.<br \/>\n<br \/>Manisa\u2019da 28 okuldan 126 sporcunun il birincili\u011fi i\u00e7in k\u0131yas\u0131ya m\u00fccadele etti\u011fi m\u00fcsabakalar sonunda, dereceye giren sporculara kupa ve madalyalar\u0131 takdim edildi. Ba\u015far\u0131l\u0131 olan tak\u0131mlar ve sporcular, Manisa\u2019y\u0131 b\u00f6lge \u015fampiyonas\u0131nda temsil etme hakk\u0131 kazand\u0131.<br \/>\n<br \/>Yap\u0131lan yar\u0131\u015flar sonunda elde edilen dereceler ve \u00f6\u011frenciler \u015f\u00f6yle: &#8220;Gen\u00e7 K\u0131zlar Tak\u0131m A Kategorisi: 1. Akhisar Zeynep G\u00fclin \u00d6ng\u00f6r Mesleki ve Teknik Anadolu Lisesi, Gen\u00e7 K\u0131zlar Tak\u0131m B Kategorisi: 1. Demirci Necip Faz\u0131l K\u0131sak\u00fcrek Fen Lisesi, Gen\u00e7 Erkekler Tak\u0131m A Kategorisi: 1. Soma Borsa \u0130stanbul Fen Lisesi, Gen\u00e7 Erkekler Tak\u0131m B Kategorisi: 1. Demirci Necip Faz\u0131l K\u0131sak\u00fcrek Fen Lisesi, Ferdi Gen\u00e7 K\u0131zlar A Kategorisi: 1. Yaren Yaz\u0131c\u0131 (Soma Fatih Ticaret Mesleki ve Teknik Anadolu Lisesi), 2. Sena Erayd\u0131n (Demirci \u0130mam Hatip Anadolu Lisesi), 3. Melike Korkmaz (Demirci Anadolu Lisesi). B Kategorisi: 1. \u00d6zge Ta\u015f (Demirci \u0130mam Hatip Anadolu Lisesi), 3. Mine \u00c7ak\u0131r (Soma Fatih Mesleki ve Teknik Anadolu Lisesi), 4. Rukiye K\u0131vrak (Akhisar Zeynep G\u00fclin \u00d6ng\u00f6r Mesleki ve Teknik Anadolu Lisesi). Gen\u00e7 Erkekler A Kategorisi: 1. Ahmet D\u00fcmenli (Soma Linyit Anadolu Lisesi), 2. Hamza G\u00fcng\u00f6r (Demirci \u0130mam Hatip Anadolu Lisesi) 3. Yi\u011fit Berk Kurular (\u00d6zel \u0130zmir T\u00fcrk Koleji Anadolu Lisesi), 4. Yusuf K\u00fcy\u00fck (Soma Fatih Ticaret Mesleki ve Teknik Anadolu Lisesi). B Kategorisi: 1. Emre \u00d6zkara (Demirci Anadolu \u0130mam Hatip Lisesi Fen ve Sosyal Bilimler Proje Okulu), 2. Kayra Mahir Temel (Soma Borsa \u0130stanbul Fen Lisesi)&#8221;<br \/><\/p>\n","protected":false},"excerpt":{"rendered":"<p>Manisa Gen\u00e7lik ve Spor \u0130l M\u00fcd\u00fcrl\u00fc\u011f\u00fc taraf\u0131ndan d\u00fczenlenen 2024-2025 E\u011fitim \u00d6\u011fretim Y\u0131l\u0131 Okul Sporlar\u0131 Oryantiring A ve B Gen\u00e7ler K\u0131z ve Erkekler \u0130l Birincili\u011fi Yar\u0131\u015fmalar\u0131, Akhisar il\u00e7esi G\u00f6let mevkiinde b\u00fcy\u00fck bir heyecanla ger\u00e7ekle\u015ftirildi. Manisa\u2019da 28 okuldan 126 sporcunun il birincili\u011fi i\u00e7in k\u0131yas\u0131ya m\u00fccadele etti\u011fi m\u00fcsabakalar sonunda, dereceye giren sporculara kupa ve madalyalar\u0131 takdim edildi. Ba\u015far\u0131l\u0131&#8230;<\/p>\n","protected":false},"author":1,"featured_media":16846,"comment_status":"open","ping_status":"open","sticky":false,"template":"","format":"standard","meta":{"_crdt_document":"","footnotes":""},"categories":[4],"tags":[],"class_list":["post-16845","post","type-post","status-publish","format-standard","has-post-thumbnail","hentry","category-spor"],"_links":{"self":[{"href":"https:\/\/www.egemtv.com\/index.php?rest_route=\/wp\/v2\/posts\/16845","targetHints":{"allow":["GET"]}}],"collection":[{"href":"https:\/\/www.egemtv.com\/index.php?rest_route=\/wp\/v2\/posts"}],"about":[{"href":"https:\/\/www.egemtv.com\/index.php?rest_route=\/wp\/v2\/types\/post"}],"author":[{"embeddable":true,"href":"https:\/\/www.egemtv.com\/index.php?rest_route=\/wp\/v2\/users\/1"}],"replies":[{"embeddable":true,"href":"https:\/\/www.egemtv.com\/index.php?rest_route=%2Fwp%2Fv2%2Fcomments&post=16845"}],"version-history":[{"count":1,"href":"https:\/\/www.egemtv.com\/index.php?rest_route=\/wp\/v2\/posts\/16845\/revisions"}],"predecessor-version":[{"id":16847,"href":"https:\/\/www.egemtv.com\/index.php?rest_route=\/wp\/v2\/posts\/16845\/revisions\/16847"}],"wp:featuredmedia":[{"embeddable":true,"href":"https:\/\/www.egemtv.com\/index.php?rest_route=\/wp\/v2\/media\/16846"}],"wp:attachment":[{"href":"https:\/\/www.egemtv.com\/index.php?rest_route=%2Fwp%2Fv2%2Fmedia&parent=16845"}],"wp:term":[{"taxonomy":"category","embeddable":true,"href":"https:\/\/www.egemtv.com\/index.php?rest_route=%2Fwp%2Fv2%2Fcategories&post=16845"},{"taxonomy":"post_tag","embeddable":true,"href":"https:\/\/www.egemtv.com\/index.php?rest_route=%2Fwp%2Fv2%2Ftags&post=16845"}],"curies":[{"name":"wp","href":"https:\/\/api.w.org\/{rel}","templated":true}]}}