{"id":16842,"date":"2025-02-07T16:41:19","date_gmt":"2025-02-07T13:41:19","guid":{"rendered":"https:\/\/www.egemtv.com\/?p=16842"},"modified":"2025-02-07T16:41:25","modified_gmt":"2025-02-07T13:41:25","slug":"manisada-cami-yararina-yapilacak-olan-deve-guresleri-ertelendi","status":"publish","type":"post","link":"https:\/\/www.egemtv.com\/?p=16842","title":{"rendered":"Manisa\u2019da cami yarar\u0131na yap\u0131lacak olan deve g\u00fcre\u015fleri ertelendi"},"content":{"rendered":"<p>Manisa \u015fehir merkezinde 30 y\u0131l sonra ilk kez yap\u0131lacak olan deve g\u00fcre\u015fleri \u015fehir merkezinde ayn\u0131 g\u00fcn yap\u0131lacak olan Manisa Esnaf ve Sanatkarlar Kredi ve Kefalet Kooperatifi se\u00e7imleri dolay\u0131s\u0131yla valilik karar\u0131yla ileri bir tarihe ertelendi. Yeni Mahalle Muhtar\u0131 H\u00fcseyin \u00d6zdemir, &#8220;G\u00fcre\u015fimiz iptal edilmedi. Valilik karar\u0131yla kooperatif se\u00e7imi ile ayn\u0131 tarihte olmas\u0131 sebebiyle ertelendi.&#8221; dedi.<br \/>\n<br \/>Manisa merkez il\u00e7ede en son yakla\u015f\u0131k 30 y\u0131l \u00f6nce ger\u00e7ekle\u015ftirilen deve g\u00fcre\u015fi, y\u0131k\u0131lan Ye\u015fil Cami yerine yenisinin yap\u0131m\u0131 i\u00e7in Pazar g\u00fcn\u00fc \u015fehrin adete g\u00f6be\u011finde yap\u0131lacakt\u0131, ancak Valilik karar\u0131yla Manisa Esnaf ve Sanatkarlar Kredi ve Kefalet Kooperatifi se\u00e7imleri nedeniyle ertelendi.<br \/>\n<br \/>Manisa\u2019da en son yakla\u015f\u0131k 30 y\u0131l kadar \u00f6nce 19 May\u0131s stadyumu arkas\u0131ndaki toprak saha biti\u015fi\u011finde ger\u00e7ekle\u015ftirilen deve g\u00fcre\u015fi, 30 y\u0131l aradan sonra 9 \u015eubat Pazar g\u00fcn\u00fc bu kez kent merkezinde yap\u0131lacak ve geliri y\u0131k\u0131lan Ye\u015fil Cami\u2019nin yap\u0131m\u0131nda kullan\u0131lacakt\u0131. T\u00fcm izinlerin al\u0131nmas\u0131na ra\u011fmen deve g\u00fcre\u015fleri Valilik karar\u0131yla ileri bir tarihe ertelendi\u011fi a\u00e7\u0131kland\u0131.<br \/>\n<br \/>Deve g\u00fcre\u015fi i\u00e7in Yunusemre Kaymakaml\u0131\u011f\u0131ndan gerekli iznin al\u0131nd\u0131\u011f\u0131n\u0131 vurgulayan Yunusemre il\u00e7esi Yeni Mahalle Muhtar\u0131 H\u00fcseyin \u00d6zdemir, hatta deve g\u00fcre\u015fi yap\u0131lacak olan arsan\u0131n 56 hissedar\u0131ndan da izin al\u0131nm\u0131\u015f oldu\u011funu hat\u0131rlatt\u0131.<br \/>\n<br \/>Muhtar \u00d6zdemir, son geli\u015fmeler hakk\u0131nda \u015fu a\u00e7\u0131klamay\u0131 yapt\u0131: &#8220;9 \u015eubat tarihinde yapacak oldu\u011fumuz deve g\u00fcre\u015fimiz daha \u00f6nce Kaymakaml\u0131ktan alm\u0131\u015f oldu\u011fumuz izin do\u011frultusunda yap\u0131lacakt\u0131. Ama \u015fu an Say\u0131n Valimiz bizlere dedi ki, ayn\u0131 tarihte Manisa Esnaf ve Sanatkarlar Kredi ve Kefalet Kooperatifi se\u00e7imleri oldu\u011fundan ve geni\u015f kat\u0131l\u0131m bekledi\u011finden dolay\u0131 geni\u015f g\u00fcvenlik \u00f6nlemi al\u0131naca\u011f\u0131n\u0131 hat\u0131rlatt\u0131. Burada g\u00fcvenlik a\u00e7\u0131s\u0131ndan yetersiz al\u0131nmas\u0131n ve s\u0131k\u0131nt\u0131 olmas\u0131n diyerek deve g\u00fcre\u015fimizi ileri bir tarihe ertelenmesinin do\u011fru olaca\u011f\u0131n\u0131 s\u00f6yledi. \u015eu an tam tarih vermiyoruz ancak iki haftal\u0131k bir s\u00fcre\u00e7 i\u00e7erisinde bize tarih verilebilece\u011fini tahmin ediyoruz. Deve g\u00fcre\u015fimizi yapaca\u011f\u0131z Allah\u2019\u0131n izniyle.&#8221; diye konu\u015ftu.<\/p>\n<p>&#8220;\u0130ptal de\u011fil, erteleme karar\u0131 var&#8221;<br \/>\n<br \/>Deve g\u00fcre\u015finin iptal edilmedi\u011fini, erteledi\u011fini vurgulayan Tertip Komitesi Ba\u015fkan\u0131 Fahri Kayhan, ise bu hafta sonu yap\u0131lmas\u0131 planlanan ancak Valilik karar\u0131yla ertelenen deve g\u00fcre\u015fine Ayd\u0131n, \u0130ncirliova, Ulucak, Bergama, Ayd\u0131n, Dat\u00e7a, Burhaniye, Manisa Salihli, G\u00f6lmarmara, Manisa Yuntda\u011f\u0131 B\u00f6lgesi, Zeytinda\u011f, Dikili, K\u0131n\u0131k B\u00f6lgesi, K\u00f6\u015fk, \u0130zmir Menemen olmak \u00fczere yakla\u015f\u0131k 70 devenin kat\u0131lmas\u0131n\u0131n beklendi\u011fini a\u00e7\u0131klad\u0131.<br \/>\n<br \/>Komite Ba\u015fkan\u0131 Kayhan, &#8220;13 ve 23 Aral\u0131k 2024 ile 30 Ocak 2025 tarihlerinde Yunusemre Kaymakaml\u0131\u011f\u0131na yapt\u0131\u011f\u0131m\u0131z ba\u015fvurular\u0131n ard\u0131ndan 5 \u015eubat 2025 tarihli Olur yaz\u0131s\u0131na istinaden 9 \u015eubat tarihinde Ye\u015fil Cami yarar\u0131na yapaca\u011f\u0131m\u0131z deve g\u00fcre\u015fi i\u00e7in t\u00fcm haz\u0131rl\u0131klar\u0131m\u0131z\u0131 tamamlam\u0131\u015ft\u0131k. \u0130zinlerimizin hepsi tamamd\u0131. Ayn\u0131 tarihte Kooperatif se\u00e7imleri olaca\u011f\u0131ndan dolay\u0131, g\u00fcvenlik sorunu ya\u015fanmamas\u0131 amac\u0131yla g\u00fcre\u015fin ileri bir tarihe ertelenmesinin uygun olaca\u011f\u0131n\u0131 s\u00f6ylediler. Ye\u015fil Cami yarar\u0131na yapaca\u011f\u0131m\u0131z deve g\u00fcre\u015fimizi iptal edilmedi, bizden kaynaklanmayan sebeplerden dolay\u0131 sadece ertelendi. \u0130leri bir tarihte tekrar bu g\u00fcre\u015fi yapaca\u011f\u0131z. Toplanan t\u00fcm yard\u0131mlar Cami in\u015faat\u0131nda kullan\u0131lacak. G\u00fcre\u015fe kat\u0131lacak yakla\u015f\u0131k 70 deve ve g\u00f6revliler haz\u0131rd\u0131. G\u00fcre\u015fe kat\u0131lacak deve sahiplerinden \u00f6z\u00fcr diliyoruz, bizden kaynakl\u0131 olmayan sebeplerden dolay\u0131 ertelemek zorunda kald\u0131k.&#8221; \u015feklinde konu\u015ftu.<br \/><\/p>\n","protected":false},"excerpt":{"rendered":"<p>Manisa \u015fehir merkezinde 30 y\u0131l sonra ilk kez yap\u0131lacak olan deve g\u00fcre\u015fleri \u015fehir merkezinde ayn\u0131 g\u00fcn yap\u0131lacak olan Manisa Esnaf ve Sanatkarlar Kredi ve Kefalet Kooperatifi se\u00e7imleri dolay\u0131s\u0131yla valilik karar\u0131yla ileri bir tarihe ertelendi. Yeni Mahalle Muhtar\u0131 H\u00fcseyin \u00d6zdemir, &#8220;G\u00fcre\u015fimiz iptal edilmedi. Valilik karar\u0131yla kooperatif se\u00e7imi ile ayn\u0131 tarihte olmas\u0131 sebebiyle ertelendi.&#8221; dedi. Manisa merkez&#8230;<\/p>\n","protected":false},"author":1,"featured_media":16843,"comment_status":"open","ping_status":"open","sticky":false,"template":"","format":"standard","meta":{"_crdt_document":"","footnotes":""},"categories":[1],"tags":[],"class_list":["post-16842","post","type-post","status-publish","format-standard","has-post-thumbnail","hentry","category-guncel"],"_links":{"self":[{"href":"https:\/\/www.egemtv.com\/index.php?rest_route=\/wp\/v2\/posts\/16842","targetHints":{"allow":["GET"]}}],"collection":[{"href":"https:\/\/www.egemtv.com\/index.php?rest_route=\/wp\/v2\/posts"}],"about":[{"href":"https:\/\/www.egemtv.com\/index.php?rest_route=\/wp\/v2\/types\/post"}],"author":[{"embeddable":true,"href":"https:\/\/www.egemtv.com\/index.php?rest_route=\/wp\/v2\/users\/1"}],"replies":[{"embeddable":true,"href":"https:\/\/www.egemtv.com\/index.php?rest_route=%2Fwp%2Fv2%2Fcomments&post=16842"}],"version-history":[{"count":1,"href":"https:\/\/www.egemtv.com\/index.php?rest_route=\/wp\/v2\/posts\/16842\/revisions"}],"predecessor-version":[{"id":16844,"href":"https:\/\/www.egemtv.com\/index.php?rest_route=\/wp\/v2\/posts\/16842\/revisions\/16844"}],"wp:featuredmedia":[{"embeddable":true,"href":"https:\/\/www.egemtv.com\/index.php?rest_route=\/wp\/v2\/media\/16843"}],"wp:attachment":[{"href":"https:\/\/www.egemtv.com\/index.php?rest_route=%2Fwp%2Fv2%2Fmedia&parent=16842"}],"wp:term":[{"taxonomy":"category","embeddable":true,"href":"https:\/\/www.egemtv.com\/index.php?rest_route=%2Fwp%2Fv2%2Fcategories&post=16842"},{"taxonomy":"post_tag","embeddable":true,"href":"https:\/\/www.egemtv.com\/index.php?rest_route=%2Fwp%2Fv2%2Ftags&post=16842"}],"curies":[{"name":"wp","href":"https:\/\/api.w.org\/{rel}","templated":true}]}}