{"id":16838,"date":"2025-02-07T16:37:32","date_gmt":"2025-02-07T13:37:32","guid":{"rendered":"https:\/\/www.egemtv.com\/?p=16838"},"modified":"2025-02-07T16:37:38","modified_gmt":"2025-02-07T13:37:38","slug":"aliaga-fk-eray-akari-kadrosuna-katti-2","status":"publish","type":"post","link":"https:\/\/www.egemtv.com\/?p=16838","title":{"rendered":"Alia\u011fa FK, Eray Akar\u2019\u0131 kadrosuna katt\u0131"},"content":{"rendered":"<p>Alia\u011fa FK, Belediye K\u00fctahyaspor\u2019dan 21 ya\u015f\u0131ndaki futbolcu Eray Akar\u2019\u0131 kadrosuna katt\u0131\u011f\u0131n\u0131 duyurdu.<br \/>\n<br \/>TFF 3. Lig 3. Grup ekiplerinden Alia\u011fa FK, ara transfer d\u00f6neminde kadrosunu g\u00fc\u00e7lendirmek i\u00e7in \u00e7al\u0131\u015fmalar\u0131na devam ediyor. \u0130zmir ekibi, Belediye K\u00fctahyaspor\u2019dan 21 ya\u015f\u0131ndaki kanat oyuncusu Eray Akar\u2019\u0131 renklerine ba\u011flad\u0131\u011f\u0131n\u0131 a\u00e7\u0131klad\u0131. Konuyla ilgili kul\u00fcpten yap\u0131lan payla\u015f\u0131mda, &#8220;Alia\u011fa Futbol Kul\u00fcb\u00fcm\u00fcz, 2024-25 sezonu devre aras\u0131 transfer \u00e7al\u0131\u015fmalar\u0131 kapsam\u0131nda, kanat oyuncusu Eray Akar\u2019\u0131 kadrosuna katt\u0131. Eray Akar\u2019a ho\u015f geldin der, \u015fanl\u0131 formam\u0131zla ba\u015far\u0131lar dileriz&#8221; ifadeleri kullan\u0131ld\u0131.<br \/><\/p>\n","protected":false},"excerpt":{"rendered":"<p>Alia\u011fa FK, Belediye K\u00fctahyaspor\u2019dan 21 ya\u015f\u0131ndaki futbolcu Eray Akar\u2019\u0131 kadrosuna katt\u0131\u011f\u0131n\u0131 duyurdu. TFF 3. Lig 3. Grup ekiplerinden Alia\u011fa FK, ara transfer d\u00f6neminde kadrosunu g\u00fc\u00e7lendirmek i\u00e7in \u00e7al\u0131\u015fmalar\u0131na devam ediyor. \u0130zmir ekibi, Belediye K\u00fctahyaspor\u2019dan 21 ya\u015f\u0131ndaki kanat oyuncusu Eray Akar\u2019\u0131 renklerine ba\u011flad\u0131\u011f\u0131n\u0131 a\u00e7\u0131klad\u0131. Konuyla ilgili kul\u00fcpten yap\u0131lan payla\u015f\u0131mda, &#8220;Alia\u011fa Futbol Kul\u00fcb\u00fcm\u00fcz, 2024-25 sezonu devre aras\u0131 transfer&#8230;<\/p>\n","protected":false},"author":1,"featured_media":16839,"comment_status":"open","ping_status":"open","sticky":false,"template":"","format":"standard","meta":{"_crdt_document":"","footnotes":""},"categories":[4],"tags":[],"class_list":["post-16838","post","type-post","status-publish","format-standard","has-post-thumbnail","hentry","category-spor"],"_links":{"self":[{"href":"https:\/\/www.egemtv.com\/index.php?rest_route=\/wp\/v2\/posts\/16838","targetHints":{"allow":["GET"]}}],"collection":[{"href":"https:\/\/www.egemtv.com\/index.php?rest_route=\/wp\/v2\/posts"}],"about":[{"href":"https:\/\/www.egemtv.com\/index.php?rest_route=\/wp\/v2\/types\/post"}],"author":[{"embeddable":true,"href":"https:\/\/www.egemtv.com\/index.php?rest_route=\/wp\/v2\/users\/1"}],"replies":[{"embeddable":true,"href":"https:\/\/www.egemtv.com\/index.php?rest_route=%2Fwp%2Fv2%2Fcomments&post=16838"}],"version-history":[{"count":1,"href":"https:\/\/www.egemtv.com\/index.php?rest_route=\/wp\/v2\/posts\/16838\/revisions"}],"predecessor-version":[{"id":16841,"href":"https:\/\/www.egemtv.com\/index.php?rest_route=\/wp\/v2\/posts\/16838\/revisions\/16841"}],"wp:featuredmedia":[{"embeddable":true,"href":"https:\/\/www.egemtv.com\/index.php?rest_route=\/wp\/v2\/media\/16839"}],"wp:attachment":[{"href":"https:\/\/www.egemtv.com\/index.php?rest_route=%2Fwp%2Fv2%2Fmedia&parent=16838"}],"wp:term":[{"taxonomy":"category","embeddable":true,"href":"https:\/\/www.egemtv.com\/index.php?rest_route=%2Fwp%2Fv2%2Fcategories&post=16838"},{"taxonomy":"post_tag","embeddable":true,"href":"https:\/\/www.egemtv.com\/index.php?rest_route=%2Fwp%2Fv2%2Ftags&post=16838"}],"curies":[{"name":"wp","href":"https:\/\/api.w.org\/{rel}","templated":true}]}}