{"id":16800,"date":"2025-02-07T15:55:07","date_gmt":"2025-02-07T12:55:07","guid":{"rendered":"https:\/\/www.egemtv.com\/?p=16800"},"modified":"2025-02-07T15:55:14","modified_gmt":"2025-02-07T12:55:14","slug":"manisada-okullar-arasi-spor-malzemesi-dayanismasi","status":"publish","type":"post","link":"https:\/\/www.egemtv.com\/?p=16800","title":{"rendered":"Manisa\u2019da okullar aras\u0131 spor malzemesi dayan\u0131\u015fmas\u0131"},"content":{"rendered":"<p>Manisa\u2019n\u0131n Ala\u015fehir il\u00e7esinde bulunan Delemenler Ortaokulu y\u00f6netimi taraf\u0131ndan \u00f6\u011frencilerin ya\u015f durumlar\u0131ndan dolay\u0131 kullanamad\u0131klar\u0131 spor malzemelerini Sar\u0131g\u00f6l Hayriye Ert\u00fcrk Anadolu Lisesi\u2019ne hediye edildi.<br \/>\n<br \/>Delemenler Ortaokulunda \u00f6\u011frencilerin ya\u015f durumlar\u0131 nedeniyle kullan\u0131lmayan spor malzemeleri, Sar\u0131g\u00f6l Hayriye Ert\u00fcrk Anadolu Lisesi\u2019ne hediye edildi.<br \/>\n<br \/>Delemenler Ortaokulu M\u00fcd\u00fcr\u00fc Fatih Ak\u0131n\u2019\u0131n giri\u015fimleriyle ger\u00e7ekle\u015ftirilen ba\u011f\u0131\u015f, Sar\u0131g\u00f6l Hayriye Ert\u00fcrk Anadolu Lisesi M\u00fcd\u00fcr Ba\u015fyard\u0131mc\u0131s\u0131 Fahri Sar\u0131ta\u015f taraf\u0131ndan teslim al\u0131nd\u0131. Sar\u0131ta\u015f, spor malzemelerinin okulda \u00f6\u011frencilerin kullan\u0131m\u0131na sunuldu\u011funu belirterek, &#8220;Ala\u015fehir Delemenler Ortaokulu M\u00fcd\u00fcr\u00fc Fatih Ak\u0131n\u2019a te\u015fekk\u00fcr ederim. Yeni getirdi\u011fimiz spor malzemelerinin kurulumunu yapt\u0131k ve okulumuzdaki yurtta hizmet vermeye ba\u015flad\u0131&#8221; dedi.<br \/>\n<br \/>Bu anlaml\u0131 dayan\u0131\u015fma \u00f6rne\u011fi, okullar aras\u0131nda i\u015fbirli\u011fini ve yard\u0131mla\u015fmay\u0131 te\u015fvik ederken, \u00f6\u011frencilerin spor yapma imkanlar\u0131n\u0131 da art\u0131rmaya katk\u0131 sa\u011fl\u0131yor.<br \/><\/p>\n","protected":false},"excerpt":{"rendered":"<p>Manisa\u2019n\u0131n Ala\u015fehir il\u00e7esinde bulunan Delemenler Ortaokulu y\u00f6netimi taraf\u0131ndan \u00f6\u011frencilerin ya\u015f durumlar\u0131ndan dolay\u0131 kullanamad\u0131klar\u0131 spor malzemelerini Sar\u0131g\u00f6l Hayriye Ert\u00fcrk Anadolu Lisesi\u2019ne hediye edildi. Delemenler Ortaokulunda \u00f6\u011frencilerin ya\u015f durumlar\u0131 nedeniyle kullan\u0131lmayan spor malzemeleri, Sar\u0131g\u00f6l Hayriye Ert\u00fcrk Anadolu Lisesi\u2019ne hediye edildi. Delemenler Ortaokulu M\u00fcd\u00fcr\u00fc Fatih Ak\u0131n\u2019\u0131n giri\u015fimleriyle ger\u00e7ekle\u015ftirilen ba\u011f\u0131\u015f, Sar\u0131g\u00f6l Hayriye Ert\u00fcrk Anadolu Lisesi M\u00fcd\u00fcr Ba\u015fyard\u0131mc\u0131s\u0131 Fahri Sar\u0131ta\u015f&#8230;<\/p>\n","protected":false},"author":1,"featured_media":16801,"comment_status":"open","ping_status":"open","sticky":false,"template":"","format":"standard","meta":{"_crdt_document":"","footnotes":""},"categories":[4],"tags":[],"class_list":["post-16800","post","type-post","status-publish","format-standard","has-post-thumbnail","hentry","category-spor"],"_links":{"self":[{"href":"https:\/\/www.egemtv.com\/index.php?rest_route=\/wp\/v2\/posts\/16800","targetHints":{"allow":["GET"]}}],"collection":[{"href":"https:\/\/www.egemtv.com\/index.php?rest_route=\/wp\/v2\/posts"}],"about":[{"href":"https:\/\/www.egemtv.com\/index.php?rest_route=\/wp\/v2\/types\/post"}],"author":[{"embeddable":true,"href":"https:\/\/www.egemtv.com\/index.php?rest_route=\/wp\/v2\/users\/1"}],"replies":[{"embeddable":true,"href":"https:\/\/www.egemtv.com\/index.php?rest_route=%2Fwp%2Fv2%2Fcomments&post=16800"}],"version-history":[{"count":1,"href":"https:\/\/www.egemtv.com\/index.php?rest_route=\/wp\/v2\/posts\/16800\/revisions"}],"predecessor-version":[{"id":16802,"href":"https:\/\/www.egemtv.com\/index.php?rest_route=\/wp\/v2\/posts\/16800\/revisions\/16802"}],"wp:featuredmedia":[{"embeddable":true,"href":"https:\/\/www.egemtv.com\/index.php?rest_route=\/wp\/v2\/media\/16801"}],"wp:attachment":[{"href":"https:\/\/www.egemtv.com\/index.php?rest_route=%2Fwp%2Fv2%2Fmedia&parent=16800"}],"wp:term":[{"taxonomy":"category","embeddable":true,"href":"https:\/\/www.egemtv.com\/index.php?rest_route=%2Fwp%2Fv2%2Fcategories&post=16800"},{"taxonomy":"post_tag","embeddable":true,"href":"https:\/\/www.egemtv.com\/index.php?rest_route=%2Fwp%2Fv2%2Ftags&post=16800"}],"curies":[{"name":"wp","href":"https:\/\/api.w.org\/{rel}","templated":true}]}}