{"id":16797,"date":"2025-02-07T15:55:02","date_gmt":"2025-02-07T12:55:02","guid":{"rendered":"https:\/\/www.egemtv.com\/?p=16797"},"modified":"2025-02-07T15:55:06","modified_gmt":"2025-02-07T12:55:06","slug":"evinde-yanarak-hayatini-kaybeden-kibris-gazisi-askeri-torenle-defnedildi","status":"publish","type":"post","link":"https:\/\/www.egemtv.com\/?p=16797","title":{"rendered":"Evinde yanarak hayat\u0131n\u0131 kaybeden K\u0131br\u0131s gazisi askeri t\u00f6renle defnedildi"},"content":{"rendered":"<p>K\u00fctahya\u2019n\u0131n Tav\u015fanl\u0131 il\u00e7esine ba\u011fl\u0131 Bal\u0131k\u00f6y beldesinde d\u00fcn gece evinde \u00e7\u0131kan yang\u0131nda hayat\u0131n\u0131 kaybeden K\u0131br\u0131s gazisi Mehmet Tolu, bug\u00fcn d\u00fczenlenen askeri t\u00f6renle topra\u011fa verildi.<br \/>\n<br \/>1953 do\u011fumlu olan Tolu\u2019nun vefat\u0131, sevenlerini ve yak\u0131nlar\u0131n\u0131 derinden \u00fczd\u00fc. Cenaze t\u00f6reni, Bal\u0131k\u00f6y\u2019de b\u00fcy\u00fck bir kat\u0131l\u0131mla ger\u00e7ekle\u015fti. T\u00f6rene Tav\u015fanl\u0131 Kaymakam\u0131 Hayrettin Bask\u0131n, Bal\u0131k\u00f6y Belediye Ba\u015fkan\u0131 Hasan Yazkan, askeri erkan, gazinin yak\u0131nlar\u0131 ve \u00e7ok say\u0131da vatanda\u015f kat\u0131ld\u0131. Tav\u015fanl\u0131 il\u00e7e M\u00fcft\u00fcs\u00fc Mevl\u00fct Hakan Asan\u2019\u0131n k\u0131ld\u0131rd\u0131\u011f\u0131 cenaze namaz\u0131 sonras\u0131, Tolu\u2019nun T\u00fcrk bayra\u011f\u0131na sar\u0131l\u0131 tabutu, omuzlarda ta\u015f\u0131narak Bal\u0131k\u00f6y Mezarl\u0131\u011f\u0131\u2019na getirildi. Burada yap\u0131lan dualar\u0131n ard\u0131ndan, K\u0131br\u0131s gazisi Mehmet Tolu topra\u011fa defnedildi. T\u00f6rende konu\u015fma yapan Kaymakam Bask\u0131n, Mehmet Tolu\u2019nun vatan\u0131 i\u00e7in g\u00f6sterdi\u011fi fedakarl\u0131\u011f\u0131 ve kahramanl\u0131\u011f\u0131n\u0131 vurgulayarak, o\u011fluna ba\u015fsa\u011fl\u0131\u011f\u0131 diledi.<br \/><\/p>\n","protected":false},"excerpt":{"rendered":"<p>K\u00fctahya\u2019n\u0131n Tav\u015fanl\u0131 il\u00e7esine ba\u011fl\u0131 Bal\u0131k\u00f6y beldesinde d\u00fcn gece evinde \u00e7\u0131kan yang\u0131nda hayat\u0131n\u0131 kaybeden K\u0131br\u0131s gazisi Mehmet Tolu, bug\u00fcn d\u00fczenlenen askeri t\u00f6renle topra\u011fa verildi. 1953 do\u011fumlu olan Tolu\u2019nun vefat\u0131, sevenlerini ve yak\u0131nlar\u0131n\u0131 derinden \u00fczd\u00fc. Cenaze t\u00f6reni, Bal\u0131k\u00f6y\u2019de b\u00fcy\u00fck bir kat\u0131l\u0131mla ger\u00e7ekle\u015fti. T\u00f6rene Tav\u015fanl\u0131 Kaymakam\u0131 Hayrettin Bask\u0131n, Bal\u0131k\u00f6y Belediye Ba\u015fkan\u0131 Hasan Yazkan, askeri erkan, gazinin yak\u0131nlar\u0131 ve&#8230;<\/p>\n","protected":false},"author":1,"featured_media":16798,"comment_status":"open","ping_status":"open","sticky":false,"template":"","format":"standard","meta":{"_crdt_document":"","footnotes":""},"categories":[123],"tags":[],"class_list":["post-16797","post","type-post","status-publish","format-standard","has-post-thumbnail","hentry","category-gundem"],"_links":{"self":[{"href":"https:\/\/www.egemtv.com\/index.php?rest_route=\/wp\/v2\/posts\/16797","targetHints":{"allow":["GET"]}}],"collection":[{"href":"https:\/\/www.egemtv.com\/index.php?rest_route=\/wp\/v2\/posts"}],"about":[{"href":"https:\/\/www.egemtv.com\/index.php?rest_route=\/wp\/v2\/types\/post"}],"author":[{"embeddable":true,"href":"https:\/\/www.egemtv.com\/index.php?rest_route=\/wp\/v2\/users\/1"}],"replies":[{"embeddable":true,"href":"https:\/\/www.egemtv.com\/index.php?rest_route=%2Fwp%2Fv2%2Fcomments&post=16797"}],"version-history":[{"count":1,"href":"https:\/\/www.egemtv.com\/index.php?rest_route=\/wp\/v2\/posts\/16797\/revisions"}],"predecessor-version":[{"id":16799,"href":"https:\/\/www.egemtv.com\/index.php?rest_route=\/wp\/v2\/posts\/16797\/revisions\/16799"}],"wp:featuredmedia":[{"embeddable":true,"href":"https:\/\/www.egemtv.com\/index.php?rest_route=\/wp\/v2\/media\/16798"}],"wp:attachment":[{"href":"https:\/\/www.egemtv.com\/index.php?rest_route=%2Fwp%2Fv2%2Fmedia&parent=16797"}],"wp:term":[{"taxonomy":"category","embeddable":true,"href":"https:\/\/www.egemtv.com\/index.php?rest_route=%2Fwp%2Fv2%2Fcategories&post=16797"},{"taxonomy":"post_tag","embeddable":true,"href":"https:\/\/www.egemtv.com\/index.php?rest_route=%2Fwp%2Fv2%2Ftags&post=16797"}],"curies":[{"name":"wp","href":"https:\/\/api.w.org\/{rel}","templated":true}]}}