{"id":16794,"date":"2025-02-07T15:54:56","date_gmt":"2025-02-07T12:54:56","guid":{"rendered":"https:\/\/www.egemtv.com\/?p=16794"},"modified":"2025-02-07T15:55:01","modified_gmt":"2025-02-07T12:55:01","slug":"aliaga-nufusu-108-bin-701-oldu","status":"publish","type":"post","link":"https:\/\/www.egemtv.com\/?p=16794","title":{"rendered":"Alia\u011fa n\u00fcfusu 108 bin 701 oldu"},"content":{"rendered":"<p>T\u00fcrkiye \u0130statistik Kurumunun (T\u00dc\u0130K) 2024 Adrese Dayal\u0131 N\u00fcfus Kay\u0131t Sistemi sonu\u00e7lar\u0131na g\u00f6re Alia\u011fa\u2019n\u0131n g\u00fcncel n\u00fcfusu 108 bin 701 oldu. Alia\u011fa\u2019n\u0131n n\u00fcfusu \u00f6nceki y\u0131la g\u00f6re 2 bin 533 art\u0131\u015f g\u00f6sterdi.<br \/>\n<br \/>T\u00dc\u0130K n\u00fcfus verilerini a\u00e7\u0131klad\u0131. N\u00fcfus verilerine g\u00f6re \u0130zmir\u2019de n\u00fcfusunda art\u0131\u015f olan il\u00e7eler de belli oldu. \u0130zmir\u2019in n\u00fcfusu 4 milyon 493 bin 242 olarak a\u00e7\u0131klan\u0131rken, Alia\u011fa, Bergama, Bornova, \u00c7e\u015fme, Dikili, Fo\u00e7a, Karaburun, Kemalpa\u015fa, K\u0131n\u0131k, Menemen, \u00d6demi\u015f, Seferihisar, Sel\u00e7uk, Torbal\u0131, Urla, Menderes ve \u00c7i\u011fli n\u00fcfusu artan il\u00e7eler aras\u0131nda yer ald\u0131.<br \/>\n<br \/>T\u00fcrkiye\u2019nin \u00f6nde gelen sanayi kurulu\u015flar\u0131 ve limanlar\u0131na ev sahipli\u011fi yapan Alia\u011fa, sundu\u011fu istihdam olanaklar\u0131yla dikkat \u00e7ekerken, son 10 y\u0131lda belediye eliyle yap\u0131lan k\u00fclt\u00fcr sanattan spora, turizmden sosyal ya\u015fam alanlar\u0131na kadar bir\u00e7ok yat\u0131r\u0131m, Alia\u011fa\u2019y\u0131 ayn\u0131 zamanda Kuzey Ege\u2019de ya\u015fan\u0131labilir bir cazibe merkezine d\u00f6n\u00fc\u015ft\u00fcrd\u00fc. Bu durum Alia\u011fa\u2019ya olan ilgiyi ve g\u00f6\u00e7\u00fc her ge\u00e7en g\u00fcn art\u0131rarak s\u00fcrd\u00fcrd\u00fc.<\/p>\n<p>Sosyal ya\u015fam alanlar\u0131 Alia\u011fa\u2019y\u0131 cazibe merkezine d\u00f6n\u00fc\u015ft\u00fcrd\u00fc<br \/>\n<br \/>Alia\u011fa Belediye Ba\u015fkan\u0131 Serkan Acar\u2019\u0131n &#8220;Kent geli\u015fim vizyonu&#8221; kapsam\u0131nda bug\u00fcne kadar hayata ge\u00e7irilen; Temiz havas\u0131 ve tarihi dokusuyla restoran hizmeti veren G\u00fczelhisar Sosyal Tesisleri, t\u00fcm b\u00f6lgeye hizmet veren AliaPark Atla Terapi Merkezi, Mavi Bayrakl\u0131 A\u011fapark Plaj\u0131, 72 d\u00f6n\u00fcml\u00fck ye\u015fil donat\u0131 alan\u0131 Avc\u0131 Ramadan \u00c7ocuk Oyun ve Rekreasyon Alan\u0131, Hac\u0131\u00f6merli Gryneion Mesire Alan\u0131, yar\u0131 olimpik y\u00fczme havuzlar\u0131n\u0131n bulundu\u011fu, k\u00fclt\u00fcr sanat ve sporu bir arada sunan Alia\u011fa Gen\u00e7lik Merkezi ile Alia\u011fa Spor ve Ya\u015fam Merkezi, Alia\u011fa manzaras\u0131na hakim, \u00e7e\u015fitli restoran hizmetlerinin sunuldu\u011fu Do\u011fa Park, kahveseverlerin vazge\u00e7ilmez adresi Kalei\u00e7i Coffee, Alia\u011fal\u0131lar\u0131n sosyalle\u015fti\u011fi ve sosyal hayat\u0131na renk katan ba\u015fl\u0131ca tesisler aras\u0131nda yer al\u0131yor.<\/p>\n<p>Tarih ve do\u011fa tutkunlar\u0131n\u0131n u\u011frak noktas\u0131<br \/>\n<br \/>Alia\u011fa, sadece belediye eliyle yap\u0131lan hizmetlerle de\u011fil do\u011fal g\u00fczellikleriyle de ilgi oda\u011f\u0131 olmay\u0131 s\u00fcrd\u00fcr\u00fcyor. \u00d6zellikle, plajlar b\u00f6lgesinde y\u00fczlerce ku\u015f \u00e7e\u015fidine ev sahipli\u011fi yapan Ku\u015f Cenneti, b\u00f6lgede yer alan Kyme, Tisna, Aigai, Myrina ve Gryneion antik kentleri, U\u00e7ansu \u015eelalesi, tarihi camileri, tarih ve do\u011fa tutkunlar\u0131n\u0131n u\u011frak noktalar\u0131 aras\u0131nda yer al\u0131yor.<\/p>\n<p>Alia\u011fa, deniz turizminde zirveye oynuyor<br \/>\n<br \/>Alia\u011fa\u2019y\u0131 Kuzey Ege\u2019nin y\u0131ld\u0131z\u0131 haline d\u00f6n\u00fc\u015ft\u00fcren projelere ara vermeden devam eden Alia\u011fa Belediyesi, son y\u0131llarda deniz turizminde de zirveye oynuyor. Yap\u0131m\u0131nda sona yakla\u015f\u0131lan Alia\u011fa Yolcu \u0130skelesi, Alia\u011fa ile Ege Adalar\u0131n\u0131 deniz yoluyla birbirine ba\u011flayacak. Ayr\u0131ca \u00f6n haz\u0131rl\u0131klar\u0131 s\u00fcren yat liman\u0131 projesi de Alia\u011fa\u2019y\u0131 deniz turizminde farkl\u0131 bir noktaya ta\u015f\u0131yacak.<br \/><\/p>\n","protected":false},"excerpt":{"rendered":"<p>T\u00fcrkiye \u0130statistik Kurumunun (T\u00dc\u0130K) 2024 Adrese Dayal\u0131 N\u00fcfus Kay\u0131t Sistemi sonu\u00e7lar\u0131na g\u00f6re Alia\u011fa\u2019n\u0131n g\u00fcncel n\u00fcfusu 108 bin 701 oldu. Alia\u011fa\u2019n\u0131n n\u00fcfusu \u00f6nceki y\u0131la g\u00f6re 2 bin 533 art\u0131\u015f g\u00f6sterdi. T\u00dc\u0130K n\u00fcfus verilerini a\u00e7\u0131klad\u0131. N\u00fcfus verilerine g\u00f6re \u0130zmir\u2019de n\u00fcfusunda art\u0131\u015f olan il\u00e7eler de belli oldu. \u0130zmir\u2019in n\u00fcfusu 4 milyon 493 bin 242 olarak a\u00e7\u0131klan\u0131rken, Alia\u011fa, Bergama,&#8230;<\/p>\n","protected":false},"author":1,"featured_media":16795,"comment_status":"open","ping_status":"open","sticky":false,"template":"","format":"standard","meta":{"_crdt_document":"","footnotes":""},"categories":[1],"tags":[],"class_list":["post-16794","post","type-post","status-publish","format-standard","has-post-thumbnail","hentry","category-guncel"],"_links":{"self":[{"href":"https:\/\/www.egemtv.com\/index.php?rest_route=\/wp\/v2\/posts\/16794","targetHints":{"allow":["GET"]}}],"collection":[{"href":"https:\/\/www.egemtv.com\/index.php?rest_route=\/wp\/v2\/posts"}],"about":[{"href":"https:\/\/www.egemtv.com\/index.php?rest_route=\/wp\/v2\/types\/post"}],"author":[{"embeddable":true,"href":"https:\/\/www.egemtv.com\/index.php?rest_route=\/wp\/v2\/users\/1"}],"replies":[{"embeddable":true,"href":"https:\/\/www.egemtv.com\/index.php?rest_route=%2Fwp%2Fv2%2Fcomments&post=16794"}],"version-history":[{"count":1,"href":"https:\/\/www.egemtv.com\/index.php?rest_route=\/wp\/v2\/posts\/16794\/revisions"}],"predecessor-version":[{"id":16796,"href":"https:\/\/www.egemtv.com\/index.php?rest_route=\/wp\/v2\/posts\/16794\/revisions\/16796"}],"wp:featuredmedia":[{"embeddable":true,"href":"https:\/\/www.egemtv.com\/index.php?rest_route=\/wp\/v2\/media\/16795"}],"wp:attachment":[{"href":"https:\/\/www.egemtv.com\/index.php?rest_route=%2Fwp%2Fv2%2Fmedia&parent=16794"}],"wp:term":[{"taxonomy":"category","embeddable":true,"href":"https:\/\/www.egemtv.com\/index.php?rest_route=%2Fwp%2Fv2%2Fcategories&post=16794"},{"taxonomy":"post_tag","embeddable":true,"href":"https:\/\/www.egemtv.com\/index.php?rest_route=%2Fwp%2Fv2%2Ftags&post=16794"}],"curies":[{"name":"wp","href":"https:\/\/api.w.org\/{rel}","templated":true}]}}