{"id":16791,"date":"2025-02-07T15:41:01","date_gmt":"2025-02-07T12:41:01","guid":{"rendered":"https:\/\/www.egemtv.com\/?p=16791"},"modified":"2025-02-07T15:41:06","modified_gmt":"2025-02-07T12:41:06","slug":"kendisine-borcu-olan-arkadasini-bicaklayarak-oldurdu","status":"publish","type":"post","link":"https:\/\/www.egemtv.com\/?p=16791","title":{"rendered":"Kendisine borcu olan arkada\u015f\u0131n\u0131 b\u0131\u00e7aklayarak \u00f6ld\u00fcrd\u00fc"},"content":{"rendered":"<p>\u0130zmir\u2019in Konak il\u00e7esinde bir ki\u015fi, kendisine borcu olan ve bu y\u00fczden tart\u0131\u015ft\u0131klar\u0131 \u00f6\u011frenilen 1 \u00e7ocuk babas\u0131 arkada\u015f\u0131n\u0131, b\u0131\u00e7aklayarak \u00f6ld\u00fcrd\u00fc. Cinayet \u015f\u00fcphelisi arkada\u015f, emniyetteki i\u015flemlerin ard\u0131ndan tutukland\u0131.<br \/>\n<br \/>Olay, 5 \u015eubat \u00c7ar\u015famba g\u00fcn\u00fc saat 06.00 s\u0131ralar\u0131nda Konak il\u00e7esi Kadifekale Mahallesi\u2019nde meydana geldi. Edinilen bilgiye g\u00f6re, telefonculuk yapt\u0131\u011f\u0131 \u00f6\u011frenilen Abdurrahman Bozkurt (30) ile arkada\u015f\u0131 Hakk\u0131 K. (31) aras\u0131nda sokak ortas\u0131nda tart\u0131\u015fma ya\u015fand\u0131. Gerginli\u011fin artmas\u0131 \u00fczerine \u00e7\u0131kan kavgada Hakk\u0131 K., arkada\u015f\u0131n\u0131 b\u0131\u00e7akla yaralayarak ka\u00e7t\u0131. Kavgay\u0131 g\u00f6renlerin ihbar\u0131 \u00fczerine olay yerine polis ve sa\u011fl\u0131k ekipleri sevk edildi. Sa\u011fl\u0131k ekipleri taraf\u0131ndan yap\u0131lan kontrolde a\u011f\u0131r yaraland\u0131\u011f\u0131 belirlenen Abdurrahman Bozkurt, kald\u0131r\u0131ld\u0131\u011f\u0131 \u0130zmir E\u011fitim ve Ara\u015ft\u0131rma Hastanesinde yap\u0131lan t\u00fcm m\u00fcdahalelere ra\u011fmen kurtar\u0131lamayarak hayat\u0131n\u0131 kaybetti. Evli ve 1 \u00e7ocuk babas\u0131 oldu\u011fu \u00f6\u011frenilen Bozkurt\u2019un cenazesi, otopsi yap\u0131lmak \u00fczere \u0130zmir Adli T\u0131p Kurumu morguna kald\u0131r\u0131ld\u0131.<\/p>\n<p>Cinayeti bor\u00e7 y\u00fcz\u00fcnden i\u015fledi\u011fini itiraf etti<br \/>\n<br \/>Asayi\u015f \u015eube M\u00fcd\u00fcrl\u00fc\u011f\u00fc Cinayet B\u00fcro Amirli\u011fi ekipleri, olay\u0131n ard\u0131ndan ka\u00e7an cinayet \u015f\u00fcphelisi Hakk\u0131 K.\u2019yi ve olayda parma\u011f\u0131 oldu\u011fu d\u00fc\u015f\u00fcn\u00fclen P.G. (29) adl\u0131 bir kad\u0131n\u0131 ayn\u0131 g\u00fcn yakalad\u0131. Emniyetteki ifadesinde su\u00e7unu itiraf eden Hakk\u0131 K.\u2019nin, Abdurrahman Bozkurt ile arkada\u015f olduklar\u0131n\u0131, alacak meselesi nedeniyle cinayeti i\u015fledi\u011fini s\u00f6yledi\u011fi \u00f6\u011frenildi. \u0130\u015flemlerinin ard\u0131ndan adliyeye sevk edilen \u015f\u00fcphelilerden Hakk\u0131 K. tutuklan\u0131rken, P\u0131nar G. serbest b\u0131rak\u0131ld\u0131.<br \/>\n<br \/>Olayla ilgili ba\u015flat\u0131lan soru\u015fturma s\u00fcr\u00fcyor.<br \/><\/p>\n","protected":false},"excerpt":{"rendered":"<p>\u0130zmir\u2019in Konak il\u00e7esinde bir ki\u015fi, kendisine borcu olan ve bu y\u00fczden tart\u0131\u015ft\u0131klar\u0131 \u00f6\u011frenilen 1 \u00e7ocuk babas\u0131 arkada\u015f\u0131n\u0131, b\u0131\u00e7aklayarak \u00f6ld\u00fcrd\u00fc. Cinayet \u015f\u00fcphelisi arkada\u015f, emniyetteki i\u015flemlerin ard\u0131ndan tutukland\u0131. Olay, 5 \u015eubat \u00c7ar\u015famba g\u00fcn\u00fc saat 06.00 s\u0131ralar\u0131nda Konak il\u00e7esi Kadifekale Mahallesi\u2019nde meydana geldi. Edinilen bilgiye g\u00f6re, telefonculuk yapt\u0131\u011f\u0131 \u00f6\u011frenilen Abdurrahman Bozkurt (30) ile arkada\u015f\u0131 Hakk\u0131 K. (31) aras\u0131nda&#8230;<\/p>\n","protected":false},"author":1,"featured_media":16792,"comment_status":"open","ping_status":"open","sticky":false,"template":"","format":"standard","meta":{"_crdt_document":"","footnotes":""},"categories":[5],"tags":[],"class_list":["post-16791","post","type-post","status-publish","format-standard","has-post-thumbnail","hentry","category-asayis"],"_links":{"self":[{"href":"https:\/\/www.egemtv.com\/index.php?rest_route=\/wp\/v2\/posts\/16791","targetHints":{"allow":["GET"]}}],"collection":[{"href":"https:\/\/www.egemtv.com\/index.php?rest_route=\/wp\/v2\/posts"}],"about":[{"href":"https:\/\/www.egemtv.com\/index.php?rest_route=\/wp\/v2\/types\/post"}],"author":[{"embeddable":true,"href":"https:\/\/www.egemtv.com\/index.php?rest_route=\/wp\/v2\/users\/1"}],"replies":[{"embeddable":true,"href":"https:\/\/www.egemtv.com\/index.php?rest_route=%2Fwp%2Fv2%2Fcomments&post=16791"}],"version-history":[{"count":1,"href":"https:\/\/www.egemtv.com\/index.php?rest_route=\/wp\/v2\/posts\/16791\/revisions"}],"predecessor-version":[{"id":16793,"href":"https:\/\/www.egemtv.com\/index.php?rest_route=\/wp\/v2\/posts\/16791\/revisions\/16793"}],"wp:featuredmedia":[{"embeddable":true,"href":"https:\/\/www.egemtv.com\/index.php?rest_route=\/wp\/v2\/media\/16792"}],"wp:attachment":[{"href":"https:\/\/www.egemtv.com\/index.php?rest_route=%2Fwp%2Fv2%2Fmedia&parent=16791"}],"wp:term":[{"taxonomy":"category","embeddable":true,"href":"https:\/\/www.egemtv.com\/index.php?rest_route=%2Fwp%2Fv2%2Fcategories&post=16791"},{"taxonomy":"post_tag","embeddable":true,"href":"https:\/\/www.egemtv.com\/index.php?rest_route=%2Fwp%2Fv2%2Ftags&post=16791"}],"curies":[{"name":"wp","href":"https:\/\/api.w.org\/{rel}","templated":true}]}}