{"id":16788,"date":"2025-02-07T15:40:55","date_gmt":"2025-02-07T12:40:55","guid":{"rendered":"https:\/\/www.egemtv.com\/?p=16788"},"modified":"2025-02-07T15:41:00","modified_gmt":"2025-02-07T12:41:00","slug":"kaymakam-akbulut-6-subat-depreminde-hayatini-kaybeden-civrilli-ogretmeninin-ailesini-ziyaret-etti","status":"publish","type":"post","link":"https:\/\/www.egemtv.com\/?p=16788","title":{"rendered":"Kaymakam Akbulut,  6 \u015eubat depreminde hayat\u0131n\u0131 kaybeden \u00c7ivrilli \u00f6\u011fretmeninin ailesini ziyaret etti"},"content":{"rendered":"<p>Denizli (\u0130HA) \u2013 \u00c7ivril Kaymakam\u0131 Hasan Akbulut 6 \u015eubat depreminin y\u0131ld\u00f6n\u00fcm\u00fcnde, depremde vefat eden \u00c7ivrilli \u00f6\u011freten \u015eeyma \u0130yiol\u2019un ailesini ziyaret etti.<\/p>\n<p>\u00dclkemizi yasa bo\u011fan Kahramanmara\u015f merkezli 6 \u015eubat depreminde g\u00f6rev yapt\u0131\u011f\u0131 \u0130skenderun\u2019da hayat\u0131n\u0131 kaybeden \u00c7ivrilli \u00f6\u011fretmen \u015eeyma \u0130yiol, depremin y\u0131ld\u00f6n\u00fcm\u00fcnde unutulmad\u0131. Kaymakam Hasan Akbulut ve beraberindekiler \u015eeyma \u0130yiol\u2019un \u00d6zdemirci mahallesinde ya\u015fayan anne babas\u0131n\u0131 ziyaret etti.<\/p>\n<p>Kaymakam Hasan Akbulut 6 \u015eubat depreminin y\u0131ld\u00f6n\u00fcm\u00fcnde deprem \u015fehidi \u00c7ivrilli \u00f6\u011fretmen \u015eeyma \u0130yiol\u2019un \u00d6zdemirci mahallesinde ya\u015fayan ailesi Hayati ve Emine \u0130yiol\u2019u ziyaret ederek bir s\u00fcre sohbet etti. Muhtar Abdurrahim Alacac\u0131\u011flu ile birlikte \u0130yiol ailesi ile bir s\u00fcre sohbet eden Kaymakam Hasan Akbulut daha sonra mahallede ya\u015fayan \u015fehit annesi Fatma Erdo\u011fmu\u015f\u2019u ziyaret etti. \u015eehit annesi ile de bir s\u00fcre sohbet eden kaymakam Akbulut, ailelere tekrardan ba\u015fsa\u011fl\u0131\u011f\u0131 dileyerek, \u0130yiol ve Erdo\u011fmu\u015f ailelerinin istek ve taleplerini dinledi.<\/p>\n<p>Kaymakam Hasan Akbulut\u2019a \u00d6zdemirci ziyaretinde Jandarma Komutan\u0131 Jandarma te\u011fmen Ali \u00c7olak, Emniyet M\u00fcd\u00fcr\u00fc As\u0131m Kayac\u0131, M\u00fcft\u00fc Muhammed \u00c7\u00f6rek\u00e7i e\u015flik etti.<br \/><\/p>\n","protected":false},"excerpt":{"rendered":"<p>Denizli (\u0130HA) \u2013 \u00c7ivril Kaymakam\u0131 Hasan Akbulut 6 \u015eubat depreminin y\u0131ld\u00f6n\u00fcm\u00fcnde, depremde vefat eden \u00c7ivrilli \u00f6\u011freten \u015eeyma \u0130yiol\u2019un ailesini ziyaret etti. \u00dclkemizi yasa bo\u011fan Kahramanmara\u015f merkezli 6 \u015eubat depreminde g\u00f6rev yapt\u0131\u011f\u0131 \u0130skenderun\u2019da hayat\u0131n\u0131 kaybeden \u00c7ivrilli \u00f6\u011fretmen \u015eeyma \u0130yiol, depremin y\u0131ld\u00f6n\u00fcm\u00fcnde unutulmad\u0131. Kaymakam Hasan Akbulut ve beraberindekiler \u015eeyma \u0130yiol\u2019un \u00d6zdemirci mahallesinde ya\u015fayan anne babas\u0131n\u0131 ziyaret etti&#8230;.<\/p>\n","protected":false},"author":1,"featured_media":16789,"comment_status":"open","ping_status":"open","sticky":false,"template":"","format":"standard","meta":{"_crdt_document":"","footnotes":""},"categories":[123],"tags":[],"class_list":["post-16788","post","type-post","status-publish","format-standard","has-post-thumbnail","hentry","category-gundem"],"_links":{"self":[{"href":"https:\/\/www.egemtv.com\/index.php?rest_route=\/wp\/v2\/posts\/16788","targetHints":{"allow":["GET"]}}],"collection":[{"href":"https:\/\/www.egemtv.com\/index.php?rest_route=\/wp\/v2\/posts"}],"about":[{"href":"https:\/\/www.egemtv.com\/index.php?rest_route=\/wp\/v2\/types\/post"}],"author":[{"embeddable":true,"href":"https:\/\/www.egemtv.com\/index.php?rest_route=\/wp\/v2\/users\/1"}],"replies":[{"embeddable":true,"href":"https:\/\/www.egemtv.com\/index.php?rest_route=%2Fwp%2Fv2%2Fcomments&post=16788"}],"version-history":[{"count":1,"href":"https:\/\/www.egemtv.com\/index.php?rest_route=\/wp\/v2\/posts\/16788\/revisions"}],"predecessor-version":[{"id":16790,"href":"https:\/\/www.egemtv.com\/index.php?rest_route=\/wp\/v2\/posts\/16788\/revisions\/16790"}],"wp:featuredmedia":[{"embeddable":true,"href":"https:\/\/www.egemtv.com\/index.php?rest_route=\/wp\/v2\/media\/16789"}],"wp:attachment":[{"href":"https:\/\/www.egemtv.com\/index.php?rest_route=%2Fwp%2Fv2%2Fmedia&parent=16788"}],"wp:term":[{"taxonomy":"category","embeddable":true,"href":"https:\/\/www.egemtv.com\/index.php?rest_route=%2Fwp%2Fv2%2Fcategories&post=16788"},{"taxonomy":"post_tag","embeddable":true,"href":"https:\/\/www.egemtv.com\/index.php?rest_route=%2Fwp%2Fv2%2Ftags&post=16788"}],"curies":[{"name":"wp","href":"https:\/\/api.w.org\/{rel}","templated":true}]}}