{"id":16785,"date":"2025-02-07T15:38:41","date_gmt":"2025-02-07T12:38:41","guid":{"rendered":"https:\/\/www.egemtv.com\/?p=16785"},"modified":"2025-02-07T15:38:45","modified_gmt":"2025-02-07T12:38:45","slug":"mugladaki-bisiklet-takimina-onemli-takviye","status":"publish","type":"post","link":"https:\/\/www.egemtv.com\/?p=16785","title":{"rendered":"Mu\u011fla\u2019daki bisiklet tak\u0131m\u0131na \u00f6nemli takviye"},"content":{"rendered":"<p>Mu\u011fla\u2019n\u0131n ad\u0131n\u0131 hem T\u00fcrkiye\u2019de hem de uluslararas\u0131 arenada duyuran Mu\u011fla Karya Spor Kul\u00fcb\u00fc Bisiklet Tak\u0131m\u0131, \u00f6nemli bir transfere imza att\u0131. Ge\u00e7ti\u011fimiz sezon Cumhurba\u015fkanl\u0131\u011f\u0131 T\u00fcrkiye Bisiklet Turu (Tour of Turkey) yar\u0131\u015f\u0131nda Spor Toto Bisiklet Tak\u0131m\u0131 ile yar\u0131\u015fan ba\u015far\u0131l\u0131 Mu\u011flal\u0131 bisiklet\u00e7i Mehmet Kanat, memleketinin tak\u0131m\u0131na kat\u0131ld\u0131. Deneyimli sporcu, Karya Spor Kul\u00fcb\u00fc ile bir y\u0131ll\u0131k anla\u015fma sa\u011flad\u0131.<\/p>\n<p>Bisiklet sporuna Mu\u011fla Gen\u00e7lik ve Spor \u0130l M\u00fcd\u00fcrl\u00fc\u011f\u00fc b\u00fcnyesinde ba\u015flayan Mehmet Kanat, ard\u0131ndan TREK ve Spor Toto tak\u0131mlar\u0131nda forma giymi\u015f, Cumhurba\u015fkanl\u0131\u011f\u0131 T\u00fcrkiye Bisiklet Turu\u2019nda \u00fclkemizi temsil ederek \u00f6nemli bir ba\u015far\u0131ya imza atm\u0131\u015ft\u0131.<\/p>\n<p>Mu\u011fla Bisiklet \u0130l Temsilcisi \u0130lker C\u00f6mert, Mu\u011fla Karya Bisiklet Tak\u0131m\u0131\u2019n\u0131n elde etti\u011fi ba\u015far\u0131larla dikkat \u00e7ekti\u011fini belirterek \u015funlar\u0131 s\u00f6yledi: &#8220;Tak\u0131m\u0131m\u0131z son olarak T\u00fcrkiye \u00fc\u00e7\u00fcnc\u00fcs\u00fc olarak \u00f6nemli bir ba\u015far\u0131ya imza att\u0131. Valimizin, B\u00fcy\u00fck\u015fehir Belediye Ba\u015fkan\u0131m\u0131z\u0131n ve Gen\u00e7lik ve Spor \u0130l M\u00fcd\u00fcr\u00fcm\u00fcz\u00fcn destekleriyle, hen\u00fcz bir sponsorumuz olmasa da \u00f6nemli i\u015fler ba\u015fard\u0131k. Bu sezon Antalya\u2019da d\u00fczenlenecek Uluslararas\u0131 Bisiklet (UCI) yar\u0131\u015flar\u0131nda ba\u015far\u0131l\u0131 sonu\u00e7lar almay\u0131 hedefliyoruz. Mehmet Kanat, Mu\u011fla\u2019n\u0131n yeti\u015ftirdi\u011fi de\u011ferli sporculardan biri. Uzun y\u0131llar il d\u0131\u015f\u0131ndaki \u00f6nemli tak\u0131mlarda yar\u0131\u015ft\u0131, ancak art\u0131k yuvaya d\u00f6nme vakti geldi. Mu\u011fla\u2019n\u0131n ismi i\u00e7in ter d\u00f6kecek. En b\u00fcy\u00fck hedefimiz, Cumhurba\u015fkanl\u0131\u011f\u0131 T\u00fcrkiye Bisiklet Turu\u2019nda ilimizin tak\u0131m\u0131yla yer almak&#8221;<\/p>\n<p>Mehmet Kanat: &#8220;Mu\u011fla i\u00e7in ter d\u00f6kmenin vakti geldi&#8221;<br \/>\n<br \/>Mu\u011fla\u2019ya d\u00f6nmekten dolay\u0131 b\u00fcy\u00fck mutluluk duydu\u011funu belirten Mehmet Kanat, \u015fu ifadeleri kulland\u0131:&#8221; Mu\u011fla\u2019da olmak benim i\u00e7in gurur verici. Kendi memleketimin tak\u0131m\u0131na katk\u0131 sa\u011flamak istiyorum. Bu s\u00fcre\u00e7te destekleri i\u00e7in de\u011ferli b\u00fcy\u00fc\u011f\u00fcm \u0130lker C\u00f6mert\u2019e \u00e7ok te\u015fekk\u00fcr ediyorum. Umar\u0131m Mu\u011fla Karya Tak\u0131m\u0131 ile \u00f6nemli ba\u015far\u0131lara imza ataca\u011f\u0131z&#8221; dedi.<br \/><\/p>\n","protected":false},"excerpt":{"rendered":"<p>Mu\u011fla\u2019n\u0131n ad\u0131n\u0131 hem T\u00fcrkiye\u2019de hem de uluslararas\u0131 arenada duyuran Mu\u011fla Karya Spor Kul\u00fcb\u00fc Bisiklet Tak\u0131m\u0131, \u00f6nemli bir transfere imza att\u0131. Ge\u00e7ti\u011fimiz sezon Cumhurba\u015fkanl\u0131\u011f\u0131 T\u00fcrkiye Bisiklet Turu (Tour of Turkey) yar\u0131\u015f\u0131nda Spor Toto Bisiklet Tak\u0131m\u0131 ile yar\u0131\u015fan ba\u015far\u0131l\u0131 Mu\u011flal\u0131 bisiklet\u00e7i Mehmet Kanat, memleketinin tak\u0131m\u0131na kat\u0131ld\u0131. Deneyimli sporcu, Karya Spor Kul\u00fcb\u00fc ile bir y\u0131ll\u0131k anla\u015fma sa\u011flad\u0131. Bisiklet&#8230;<\/p>\n","protected":false},"author":1,"featured_media":16786,"comment_status":"open","ping_status":"open","sticky":false,"template":"","format":"standard","meta":{"_crdt_document":"","footnotes":""},"categories":[4],"tags":[],"class_list":["post-16785","post","type-post","status-publish","format-standard","has-post-thumbnail","hentry","category-spor"],"_links":{"self":[{"href":"https:\/\/www.egemtv.com\/index.php?rest_route=\/wp\/v2\/posts\/16785","targetHints":{"allow":["GET"]}}],"collection":[{"href":"https:\/\/www.egemtv.com\/index.php?rest_route=\/wp\/v2\/posts"}],"about":[{"href":"https:\/\/www.egemtv.com\/index.php?rest_route=\/wp\/v2\/types\/post"}],"author":[{"embeddable":true,"href":"https:\/\/www.egemtv.com\/index.php?rest_route=\/wp\/v2\/users\/1"}],"replies":[{"embeddable":true,"href":"https:\/\/www.egemtv.com\/index.php?rest_route=%2Fwp%2Fv2%2Fcomments&post=16785"}],"version-history":[{"count":1,"href":"https:\/\/www.egemtv.com\/index.php?rest_route=\/wp\/v2\/posts\/16785\/revisions"}],"predecessor-version":[{"id":16787,"href":"https:\/\/www.egemtv.com\/index.php?rest_route=\/wp\/v2\/posts\/16785\/revisions\/16787"}],"wp:featuredmedia":[{"embeddable":true,"href":"https:\/\/www.egemtv.com\/index.php?rest_route=\/wp\/v2\/media\/16786"}],"wp:attachment":[{"href":"https:\/\/www.egemtv.com\/index.php?rest_route=%2Fwp%2Fv2%2Fmedia&parent=16785"}],"wp:term":[{"taxonomy":"category","embeddable":true,"href":"https:\/\/www.egemtv.com\/index.php?rest_route=%2Fwp%2Fv2%2Fcategories&post=16785"},{"taxonomy":"post_tag","embeddable":true,"href":"https:\/\/www.egemtv.com\/index.php?rest_route=%2Fwp%2Fv2%2Ftags&post=16785"}],"curies":[{"name":"wp","href":"https:\/\/api.w.org\/{rel}","templated":true}]}}