{"id":16782,"date":"2025-02-07T15:38:35","date_gmt":"2025-02-07T12:38:35","guid":{"rendered":"https:\/\/www.egemtv.com\/?p=16782"},"modified":"2025-02-07T15:38:41","modified_gmt":"2025-02-07T12:38:41","slug":"baskan-cercioglu-nazillili-cocuklari-tiyatro-ile-bulusturdu","status":"publish","type":"post","link":"https:\/\/www.egemtv.com\/?p=16782","title":{"rendered":"Ba\u015fkan \u00c7er\u00e7io\u011flu Nazillili \u00e7ocuklar\u0131 tiyatro ile bulu\u015fturdu"},"content":{"rendered":"<p>Ayd\u0131n B\u00fcy\u00fck\u015fehir Belediye Ba\u015fkan\u0131 \u00d6zlem \u00c7er\u00e7io\u011flu, kentin d\u00f6rt bir yan\u0131nda her ya\u015ftan vatanda\u015fa y\u00f6nelik d\u00fczenledi\u011fi k\u00fclt\u00fcr ve sanat etkinliklerine devam ediyor.<\/p>\n<p>Ayd\u0131n B\u00fcy\u00fck\u015fehir Belediyesi \u015eehir Tiyatrosu, perdelerini bir kez \u00e7ocuklar i\u00e7in a\u00e7t\u0131. Deprem ger\u00e7e\u011fini e\u011flenceli ve \u00f6\u011fretici bir yakla\u015f\u0131m ile anlatan \u2019T\u0131ng\u0131r M\u0131ng\u0131r \u00dclke\u2019 isimli oyun, B\u00fcy\u00fck\u015fehir Belediyesi \u015eehir Tiyatrolar\u0131\u2019n\u0131n uzman oyuncular\u0131 taraf\u0131ndan Nazillili \u00e7ocuklar i\u00e7in sergilendi. Minikler, Mehmet Y\u00fcz\u00fcg\u00fcler K\u00fclt\u00fcr Merkezi\u2019nde sahnelenen oyun ile unutulmaz bir g\u00fcn ya\u015fad\u0131. \u00c7ocuklar ve veliler, \u00f6\u011fretici tiyatro etkinliklerini kendileri ile bulu\u015fturan Ayd\u0131n B\u00fcy\u00fck\u015fehir Belediye Ba\u015fkan\u0131 \u00d6zlem \u00c7er\u00e7io\u011flu\u2019na te\u015fekk\u00fcr etti.<br \/><\/p>\n","protected":false},"excerpt":{"rendered":"<p>Ayd\u0131n B\u00fcy\u00fck\u015fehir Belediye Ba\u015fkan\u0131 \u00d6zlem \u00c7er\u00e7io\u011flu, kentin d\u00f6rt bir yan\u0131nda her ya\u015ftan vatanda\u015fa y\u00f6nelik d\u00fczenledi\u011fi k\u00fclt\u00fcr ve sanat etkinliklerine devam ediyor. Ayd\u0131n B\u00fcy\u00fck\u015fehir Belediyesi \u015eehir Tiyatrosu, perdelerini bir kez \u00e7ocuklar i\u00e7in a\u00e7t\u0131. Deprem ger\u00e7e\u011fini e\u011flenceli ve \u00f6\u011fretici bir yakla\u015f\u0131m ile anlatan \u2019T\u0131ng\u0131r M\u0131ng\u0131r \u00dclke\u2019 isimli oyun, B\u00fcy\u00fck\u015fehir Belediyesi \u015eehir Tiyatrolar\u0131\u2019n\u0131n uzman oyuncular\u0131 taraf\u0131ndan Nazillili \u00e7ocuklar&#8230;<\/p>\n","protected":false},"author":1,"featured_media":16783,"comment_status":"open","ping_status":"open","sticky":false,"template":"","format":"standard","meta":{"_crdt_document":"","footnotes":""},"categories":[1],"tags":[],"class_list":["post-16782","post","type-post","status-publish","format-standard","has-post-thumbnail","hentry","category-guncel"],"_links":{"self":[{"href":"https:\/\/www.egemtv.com\/index.php?rest_route=\/wp\/v2\/posts\/16782","targetHints":{"allow":["GET"]}}],"collection":[{"href":"https:\/\/www.egemtv.com\/index.php?rest_route=\/wp\/v2\/posts"}],"about":[{"href":"https:\/\/www.egemtv.com\/index.php?rest_route=\/wp\/v2\/types\/post"}],"author":[{"embeddable":true,"href":"https:\/\/www.egemtv.com\/index.php?rest_route=\/wp\/v2\/users\/1"}],"replies":[{"embeddable":true,"href":"https:\/\/www.egemtv.com\/index.php?rest_route=%2Fwp%2Fv2%2Fcomments&post=16782"}],"version-history":[{"count":1,"href":"https:\/\/www.egemtv.com\/index.php?rest_route=\/wp\/v2\/posts\/16782\/revisions"}],"predecessor-version":[{"id":16784,"href":"https:\/\/www.egemtv.com\/index.php?rest_route=\/wp\/v2\/posts\/16782\/revisions\/16784"}],"wp:featuredmedia":[{"embeddable":true,"href":"https:\/\/www.egemtv.com\/index.php?rest_route=\/wp\/v2\/media\/16783"}],"wp:attachment":[{"href":"https:\/\/www.egemtv.com\/index.php?rest_route=%2Fwp%2Fv2%2Fmedia&parent=16782"}],"wp:term":[{"taxonomy":"category","embeddable":true,"href":"https:\/\/www.egemtv.com\/index.php?rest_route=%2Fwp%2Fv2%2Fcategories&post=16782"},{"taxonomy":"post_tag","embeddable":true,"href":"https:\/\/www.egemtv.com\/index.php?rest_route=%2Fwp%2Fv2%2Ftags&post=16782"}],"curies":[{"name":"wp","href":"https:\/\/api.w.org\/{rel}","templated":true}]}}