{"id":16779,"date":"2025-02-07T15:31:20","date_gmt":"2025-02-07T12:31:20","guid":{"rendered":"https:\/\/www.egemtv.com\/?p=16779"},"modified":"2025-02-07T15:31:26","modified_gmt":"2025-02-07T12:31:26","slug":"manisa-ayakkabicilar-sitesinde-korkutan-yangin","status":"publish","type":"post","link":"https:\/\/www.egemtv.com\/?p=16779","title":{"rendered":"Manisa Ayakkab\u0131c\u0131lar Sitesinde korkutan yang\u0131n"},"content":{"rendered":"<p>Manisa Ayakkab\u0131c\u0131lar Sitesinin idari binas\u0131n\u0131n depo k\u0131sm\u0131nda \u00e7\u0131kan yang\u0131n korku dolu anlar ya\u015fanmas\u0131na neden oldu.<br \/>\n<br \/>Manisa\u2019n\u0131n Yunusemre il\u00e7esi G\u00fczelyurt Mahallesinde bulunan Ayakkab\u0131c\u0131lar Sitesinin idari binas\u0131na ait depoda yang\u0131n \u00e7\u0131kt\u0131. Yang\u0131nda depoda istifli bulunan ayakkab\u0131 ve kimyasal yap\u0131\u015ft\u0131r\u0131c\u0131lar alev ald\u0131. Yang\u0131n\u0131n ihbar edilmesinin ard\u0131ndan b\u00f6lgeye \u00e7ok say\u0131da itfaiye ekibi sevk edildi. \u00dcst katlara s\u0131\u00e7rayan yang\u0131n\u0131 itfaiye ekipleri b\u00fcy\u00fck bir \u00e7aba g\u00f6stererek kontrol alt\u0131na almay\u0131 ba\u015fard\u0131. Yang\u0131nda can kayb\u0131 ve yaralanma olmazken, maddi hasar meydana geldi.<br \/><\/p>\n","protected":false},"excerpt":{"rendered":"<p>Manisa Ayakkab\u0131c\u0131lar Sitesinin idari binas\u0131n\u0131n depo k\u0131sm\u0131nda \u00e7\u0131kan yang\u0131n korku dolu anlar ya\u015fanmas\u0131na neden oldu. Manisa\u2019n\u0131n Yunusemre il\u00e7esi G\u00fczelyurt Mahallesinde bulunan Ayakkab\u0131c\u0131lar Sitesinin idari binas\u0131na ait depoda yang\u0131n \u00e7\u0131kt\u0131. Yang\u0131nda depoda istifli bulunan ayakkab\u0131 ve kimyasal yap\u0131\u015ft\u0131r\u0131c\u0131lar alev ald\u0131. Yang\u0131n\u0131n ihbar edilmesinin ard\u0131ndan b\u00f6lgeye \u00e7ok say\u0131da itfaiye ekibi sevk edildi. \u00dcst katlara s\u0131\u00e7rayan yang\u0131n\u0131 itfaiye&#8230;<\/p>\n","protected":false},"author":1,"featured_media":16780,"comment_status":"open","ping_status":"open","sticky":false,"template":"","format":"standard","meta":{"_crdt_document":"","footnotes":""},"categories":[5],"tags":[],"class_list":["post-16779","post","type-post","status-publish","format-standard","has-post-thumbnail","hentry","category-asayis"],"_links":{"self":[{"href":"https:\/\/www.egemtv.com\/index.php?rest_route=\/wp\/v2\/posts\/16779","targetHints":{"allow":["GET"]}}],"collection":[{"href":"https:\/\/www.egemtv.com\/index.php?rest_route=\/wp\/v2\/posts"}],"about":[{"href":"https:\/\/www.egemtv.com\/index.php?rest_route=\/wp\/v2\/types\/post"}],"author":[{"embeddable":true,"href":"https:\/\/www.egemtv.com\/index.php?rest_route=\/wp\/v2\/users\/1"}],"replies":[{"embeddable":true,"href":"https:\/\/www.egemtv.com\/index.php?rest_route=%2Fwp%2Fv2%2Fcomments&post=16779"}],"version-history":[{"count":1,"href":"https:\/\/www.egemtv.com\/index.php?rest_route=\/wp\/v2\/posts\/16779\/revisions"}],"predecessor-version":[{"id":16781,"href":"https:\/\/www.egemtv.com\/index.php?rest_route=\/wp\/v2\/posts\/16779\/revisions\/16781"}],"wp:featuredmedia":[{"embeddable":true,"href":"https:\/\/www.egemtv.com\/index.php?rest_route=\/wp\/v2\/media\/16780"}],"wp:attachment":[{"href":"https:\/\/www.egemtv.com\/index.php?rest_route=%2Fwp%2Fv2%2Fmedia&parent=16779"}],"wp:term":[{"taxonomy":"category","embeddable":true,"href":"https:\/\/www.egemtv.com\/index.php?rest_route=%2Fwp%2Fv2%2Fcategories&post=16779"},{"taxonomy":"post_tag","embeddable":true,"href":"https:\/\/www.egemtv.com\/index.php?rest_route=%2Fwp%2Fv2%2Ftags&post=16779"}],"curies":[{"name":"wp","href":"https:\/\/api.w.org\/{rel}","templated":true}]}}