{"id":16773,"date":"2025-02-07T15:19:21","date_gmt":"2025-02-07T12:19:21","guid":{"rendered":"https:\/\/www.egemtv.com\/?p=16773"},"modified":"2025-02-07T15:19:23","modified_gmt":"2025-02-07T12:19:23","slug":"azili-hirsiz-camiyi-soyarken-sucustu-yakalandi","status":"publish","type":"post","link":"https:\/\/www.egemtv.com\/?p=16773","title":{"rendered":"Az\u0131l\u0131 h\u0131rs\u0131z camiyi soyarken su\u00e7\u00fcst\u00fc yakaland\u0131"},"content":{"rendered":"<p>\u0130zmir\u2019in Konak il\u00e7esinde camiden h\u0131rs\u0131zl\u0131k yaparken su\u00e7\u00fcst\u00fc yakalanan \u015f\u00fcphelilerden birinin h\u0131rs\u0131zl\u0131k su\u00e7undan 36 y\u0131l 11 ay hapis cezas\u0131yla arand\u0131\u011f\u0131 tespit edildi. G\u00f6zalt\u0131na al\u0131nan 2 \u015f\u00fcpheli, emniyete g\u00f6t\u00fcr\u00fcld\u00fc.<br \/>\n<br \/>Olay, d\u00fcn gece saat 01.00 s\u0131ralar\u0131nda il\u00e7eye ba\u011fl\u0131 G\u00fcney Mahallesi\u2019nde bulunan Tepecik Merkez Camii\u2019nde meydana geldi. Konak \u0130l\u00e7e Emniyet M\u00fcd\u00fcrl\u00fc\u011f\u00fc ekipleri, devriye g\u00f6revi esnas\u0131nda camiye girmeye \u00e7al\u0131\u015fan 2 \u015f\u00fcpheliyi fark etti. Polisi g\u00f6r\u00fcnce ka\u00e7maya ba\u015flayan A.G. ve U.K., ya\u015fanan kovalamaca sonucu k\u0131sk\u0131vrak yakaland\u0131. Yap\u0131lan sorgulamada \u015f\u00fcphelilerden A.G.\u2019nin (30) h\u0131rs\u0131zl\u0131k su\u00e7undan 36 y\u0131l 11 ay kesinle\u015fmi\u015f hapis cezas\u0131yla arand\u0131\u011f\u0131 ortaya \u00e7\u0131kt\u0131. G\u00f6zalt\u0131na al\u0131nan \u015f\u00fcpheliler, emniyetteki i\u015flemlerin ard\u0131ndan adliyeye sevk edildi.<br \/><\/p>\n","protected":false},"excerpt":{"rendered":"<p>\u0130zmir\u2019in Konak il\u00e7esinde camiden h\u0131rs\u0131zl\u0131k yaparken su\u00e7\u00fcst\u00fc yakalanan \u015f\u00fcphelilerden birinin h\u0131rs\u0131zl\u0131k su\u00e7undan 36 y\u0131l 11 ay hapis cezas\u0131yla arand\u0131\u011f\u0131 tespit edildi. G\u00f6zalt\u0131na al\u0131nan 2 \u015f\u00fcpheli, emniyete g\u00f6t\u00fcr\u00fcld\u00fc. Olay, d\u00fcn gece saat 01.00 s\u0131ralar\u0131nda il\u00e7eye ba\u011fl\u0131 G\u00fcney Mahallesi\u2019nde bulunan Tepecik Merkez Camii\u2019nde meydana geldi. Konak \u0130l\u00e7e Emniyet M\u00fcd\u00fcrl\u00fc\u011f\u00fc ekipleri, devriye g\u00f6revi esnas\u0131nda camiye girmeye \u00e7al\u0131\u015fan 2&#8230;<\/p>\n","protected":false},"author":1,"featured_media":16774,"comment_status":"open","ping_status":"open","sticky":false,"template":"","format":"standard","meta":{"_crdt_document":"","footnotes":""},"categories":[5],"tags":[],"class_list":["post-16773","post","type-post","status-publish","format-standard","has-post-thumbnail","hentry","category-asayis"],"_links":{"self":[{"href":"https:\/\/www.egemtv.com\/index.php?rest_route=\/wp\/v2\/posts\/16773","targetHints":{"allow":["GET"]}}],"collection":[{"href":"https:\/\/www.egemtv.com\/index.php?rest_route=\/wp\/v2\/posts"}],"about":[{"href":"https:\/\/www.egemtv.com\/index.php?rest_route=\/wp\/v2\/types\/post"}],"author":[{"embeddable":true,"href":"https:\/\/www.egemtv.com\/index.php?rest_route=\/wp\/v2\/users\/1"}],"replies":[{"embeddable":true,"href":"https:\/\/www.egemtv.com\/index.php?rest_route=%2Fwp%2Fv2%2Fcomments&post=16773"}],"version-history":[{"count":1,"href":"https:\/\/www.egemtv.com\/index.php?rest_route=\/wp\/v2\/posts\/16773\/revisions"}],"predecessor-version":[{"id":16775,"href":"https:\/\/www.egemtv.com\/index.php?rest_route=\/wp\/v2\/posts\/16773\/revisions\/16775"}],"wp:featuredmedia":[{"embeddable":true,"href":"https:\/\/www.egemtv.com\/index.php?rest_route=\/wp\/v2\/media\/16774"}],"wp:attachment":[{"href":"https:\/\/www.egemtv.com\/index.php?rest_route=%2Fwp%2Fv2%2Fmedia&parent=16773"}],"wp:term":[{"taxonomy":"category","embeddable":true,"href":"https:\/\/www.egemtv.com\/index.php?rest_route=%2Fwp%2Fv2%2Fcategories&post=16773"},{"taxonomy":"post_tag","embeddable":true,"href":"https:\/\/www.egemtv.com\/index.php?rest_route=%2Fwp%2Fv2%2Ftags&post=16773"}],"curies":[{"name":"wp","href":"https:\/\/api.w.org\/{rel}","templated":true}]}}