{"id":16770,"date":"2025-02-07T15:19:09","date_gmt":"2025-02-07T12:19:09","guid":{"rendered":"https:\/\/www.egemtv.com\/?p=16770"},"modified":"2025-02-07T15:19:15","modified_gmt":"2025-02-07T12:19:15","slug":"verim-gubre-izmirde-uretim-ve-lojistik-hizmetlerine-basladi","status":"publish","type":"post","link":"https:\/\/www.egemtv.com\/?p=16770","title":{"rendered":"Verim G\u00fcbre, \u0130zmir\u2019de \u00fcretim ve lojistik hizmetlerine ba\u015flad\u0131"},"content":{"rendered":"<p>Verim G\u00fcbre, \u0130zmir\u2019de sat\u0131n ald\u0131\u011f\u0131 \u00fcretim ve depolama tesislerinde hizmet vermeye ba\u015flad\u0131. Tesis, \u015firketin g\u00fcbre \u00fcretimi, depolama ve lojistik hizmetlerini tek \u00e7at\u0131da toplamas\u0131na olanak tan\u0131yor. Bu yat\u0131r\u0131mla \u015firketin, sekt\u00f6rde geni\u015f bir \u00fcr\u00fcn yelpazesi sunabilen nadir firmalardan biri olarak \u00f6ne \u00e7\u0131kt\u0131\u011f\u0131 belirtildi.<\/p>\n<p>Verim G\u00fcbre, \u0130zmir\u2019de \u00fcretim ve lojistik hizmetlerine ba\u015flad\u0131. Yap\u0131lan a\u00e7\u0131klamaya g\u00f6re, \u015firketin \u0130zmir\u2019deki \u00fcretim tesisleri, toplamda 68 bin metrekarelik bir alana yay\u0131lm\u0131\u015f durumda. 21 bin metrekarelik \u00fcretim ve depolama alan\u0131na sahip olan tesis, y\u0131ll\u0131k 300 bin ton \u00fcretim kapasitesine ula\u015f\u0131yor. \u015eirket, buharl\u0131 gran\u00fclasyon, g\u00fcbre s\u0131k\u0131\u015ft\u0131rma, kaplama ve s\u0131v\u0131 \u00fcretim s\u00fcre\u00e7leri sayesinde; gran\u00fcl NP, NPK form\u00fclasyonlar\u0131ndan, organomineral ve suda \u00e7\u00f6z\u00fcnebilir g\u00fcbreleri kapsayan geni\u015f bir \u00fcr\u00fcn yelpazesi sunuyor. Bu \u00e7e\u015fitlilik, \u00e7ift\u00e7ilerin farkl\u0131 toprak yap\u0131lar\u0131 ve ekim alanlar\u0131na uygun g\u00fcbre kullanabilmesine imkan sa\u011fl\u0131yor. Ayn\u0131 zamanda \u015firket, \u00fcretim s\u00fcre\u00e7lerini s\u00fcrekli iyile\u015ftirerek tar\u0131msal \u00fcretimde kaynak israf\u0131n\u0131 en aza indirmeye \u00e7al\u0131\u015f\u0131yor.<\/p>\n<p>Ba\u015ftan uca lojistik hizmet<br \/>\n<br \/>A\u00e7\u0131klamaya g\u00f6re \u015firket, g\u00fcbre \u00fcretiminin yan\u0131 s\u0131ra, gemi bo\u015faltma, ara nakliye, depolama, elle\u00e7leme ve paketleme gibi lojistik operasyonlar\u0131 da kendi b\u00fcnyesinde ger\u00e7ekle\u015ftiriyor. B\u00f6ylece m\u00fc\u015fterilerine sadece \u00fcr\u00fcn tedariki de\u011fil, t\u00fcm lojistik s\u00fcre\u00e7leri kapsayan entegre bir hizmet sunuyor. Bu hizmet modeli, m\u00fc\u015fterilere zaman ve maliyet avantaj\u0131 sa\u011flarken, \u00fcr\u00fcnlerin en iyi ko\u015fullarda saklanmas\u0131na ve ta\u015f\u0131nmas\u0131na da olanak tan\u0131yor. \u015eirket, lojistik s\u00fcre\u00e7lerdeki kabiliyetleriyle h\u0131zl\u0131 ve g\u00fcvenilir operasyonlar y\u00fcr\u00fcterek m\u00fc\u015fterilerine zaman\u0131nda ve etkili hizmet sunuyor.<\/p>\n<p>\u015eirketin \u0130zmir\u2019deki yeni tesisi, b\u00fcy\u00fck \u00f6l\u00e7ekli \u00fcretimi destekleyebilecek geni\u015f bir depolama kapasitesine sahip. Bu alan, m\u00fc\u015fterilere \u00fcr\u00fcnlerini g\u00fcvenli ve verimli bir \u015fekilde saklama imk\u00e2n\u0131 sunarken, lojistik s\u00fcre\u00e7leri de h\u0131zland\u0131r\u0131yor. Depolama olanaklar\u0131 hem d\u00f6kme hem de paletli ve paketli \u00fcr\u00fcnler i\u00e7in optimize edilerek, tedarik zincirinin her a\u015famas\u0131nda esneklik sa\u011fl\u0131yor. Depolama s\u00fcre\u00e7lerinde \u00fcr\u00fcnlerin kalitesi korunarak, farkl\u0131 g\u00fcbre t\u00fcrleri i\u00e7in \u00f6zel muhafaza alanlar\u0131 olu\u015fturuluyor. Her \u00fcr\u00fcn grubunun uygun ko\u015fullarda saklanmas\u0131 sa\u011flan\u0131yor. B\u00f6ylece m\u00fc\u015fteriler, istedikleri zaman stoklar\u0131na g\u00fcvenli bir \u015fekilde ula\u015fabiliyor.<br \/><\/p>\n","protected":false},"excerpt":{"rendered":"<p>Verim G\u00fcbre, \u0130zmir\u2019de sat\u0131n ald\u0131\u011f\u0131 \u00fcretim ve depolama tesislerinde hizmet vermeye ba\u015flad\u0131. Tesis, \u015firketin g\u00fcbre \u00fcretimi, depolama ve lojistik hizmetlerini tek \u00e7at\u0131da toplamas\u0131na olanak tan\u0131yor. Bu yat\u0131r\u0131mla \u015firketin, sekt\u00f6rde geni\u015f bir \u00fcr\u00fcn yelpazesi sunabilen nadir firmalardan biri olarak \u00f6ne \u00e7\u0131kt\u0131\u011f\u0131 belirtildi. Verim G\u00fcbre, \u0130zmir\u2019de \u00fcretim ve lojistik hizmetlerine ba\u015flad\u0131. Yap\u0131lan a\u00e7\u0131klamaya g\u00f6re, \u015firketin \u0130zmir\u2019deki \u00fcretim&#8230;<\/p>\n","protected":false},"author":1,"featured_media":16771,"comment_status":"open","ping_status":"open","sticky":false,"template":"","format":"standard","meta":{"_crdt_document":"","footnotes":""},"categories":[125],"tags":[],"class_list":["post-16770","post","type-post","status-publish","format-standard","has-post-thumbnail","hentry","category-ekonomi"],"_links":{"self":[{"href":"https:\/\/www.egemtv.com\/index.php?rest_route=\/wp\/v2\/posts\/16770","targetHints":{"allow":["GET"]}}],"collection":[{"href":"https:\/\/www.egemtv.com\/index.php?rest_route=\/wp\/v2\/posts"}],"about":[{"href":"https:\/\/www.egemtv.com\/index.php?rest_route=\/wp\/v2\/types\/post"}],"author":[{"embeddable":true,"href":"https:\/\/www.egemtv.com\/index.php?rest_route=\/wp\/v2\/users\/1"}],"replies":[{"embeddable":true,"href":"https:\/\/www.egemtv.com\/index.php?rest_route=%2Fwp%2Fv2%2Fcomments&post=16770"}],"version-history":[{"count":1,"href":"https:\/\/www.egemtv.com\/index.php?rest_route=\/wp\/v2\/posts\/16770\/revisions"}],"predecessor-version":[{"id":16772,"href":"https:\/\/www.egemtv.com\/index.php?rest_route=\/wp\/v2\/posts\/16770\/revisions\/16772"}],"wp:featuredmedia":[{"embeddable":true,"href":"https:\/\/www.egemtv.com\/index.php?rest_route=\/wp\/v2\/media\/16771"}],"wp:attachment":[{"href":"https:\/\/www.egemtv.com\/index.php?rest_route=%2Fwp%2Fv2%2Fmedia&parent=16770"}],"wp:term":[{"taxonomy":"category","embeddable":true,"href":"https:\/\/www.egemtv.com\/index.php?rest_route=%2Fwp%2Fv2%2Fcategories&post=16770"},{"taxonomy":"post_tag","embeddable":true,"href":"https:\/\/www.egemtv.com\/index.php?rest_route=%2Fwp%2Fv2%2Ftags&post=16770"}],"curies":[{"name":"wp","href":"https:\/\/api.w.org\/{rel}","templated":true}]}}