{"id":16710,"date":"2025-02-07T13:57:33","date_gmt":"2025-02-07T10:57:33","guid":{"rendered":"https:\/\/www.egemtv.com\/?p=16710"},"modified":"2025-02-07T13:57:40","modified_gmt":"2025-02-07T10:57:40","slug":"afyonkarahisarda-yetenek-taramasi-yapildi","status":"publish","type":"post","link":"https:\/\/www.egemtv.com\/?p=16710","title":{"rendered":"Afyonkarahisar\u2019da yetenek taramas\u0131 yap\u0131ld\u0131"},"content":{"rendered":"<p>Afyonkarahisar\u2019da T\u00fcrkiye Sportif Yetenek Taramas\u0131 ve Spora Y\u00f6nlendirme Program\u0131 ger\u00e7ekle\u015ftirildi.<br \/>\n<br \/>Toplant\u0131n\u0131n a\u00e7\u0131l\u0131\u015f konu\u015fmas\u0131n\u0131 yapan Afyonkarahisar \u0130l Milli E\u011fitim M\u00fcd\u00fcr\u00fc Mira\u00e7 S\u00fcnnetci; &#8220;Spor sadece bir fiziksel aktivite de\u011fil; ayn\u0131 zamanda gen\u00e7lerimizin ki\u015fisel geli\u015fimlerini destekleyen, \u00f6zg\u00fcvenlerini art\u0131ran, liderlik becerilerini geli\u015ftiren ve toplum bilinci kazand\u0131ran \u00f6nemli bir aland\u0131r. Gen\u00e7lerimize, erken ya\u015flarda yeteneklerini ke\u015ffetme f\u0131rsat\u0131 sunmak, onlar\u0131 do\u011fru bran\u015flarla tan\u0131\u015ft\u0131rmak ve sporla ilgili hedeflerine ula\u015fmalar\u0131na yard\u0131mc\u0131 olmak yan\u0131nda psikolojik ve duygusal ihtiya\u00e7lar\u0131n\u0131 da g\u00f6z \u00f6n\u00fcnde bulundurmak \u00f6ncelikli hedeflerimiz aras\u0131nda yer almaktad\u0131r. Bu ba\u011flamda Milli E\u011fitim Bakanl\u0131\u011f\u0131m\u0131z ile Gen\u00e7lik ve Spor Bakanl\u0131\u011f\u0131 aras\u0131nda imzalanan Sportif Yetenek Taramas\u0131 ve Spora Y\u00f6nlendirme Program\u0131 \u0130\u015f Birli\u011fi Protokol\u00fc \u00e7er\u00e7evesinde ilimiz genelinde ilkokul 3. s\u0131n\u0131f \u00f6\u011frencilerimize y\u00f6nelik yap\u0131lan yetenek taramalar\u0131na devam edece\u011fiz&#8221; dedi.<br \/>\n<br \/>Toplant\u0131, kar\u015f\u0131l\u0131kl\u0131 g\u00f6r\u00fc\u015f al\u0131\u015fveri\u015finin ard\u0131ndan sona erdi.<br \/><\/p>\n","protected":false},"excerpt":{"rendered":"<p>Afyonkarahisar\u2019da T\u00fcrkiye Sportif Yetenek Taramas\u0131 ve Spora Y\u00f6nlendirme Program\u0131 ger\u00e7ekle\u015ftirildi. Toplant\u0131n\u0131n a\u00e7\u0131l\u0131\u015f konu\u015fmas\u0131n\u0131 yapan Afyonkarahisar \u0130l Milli E\u011fitim M\u00fcd\u00fcr\u00fc Mira\u00e7 S\u00fcnnetci; &#8220;Spor sadece bir fiziksel aktivite de\u011fil; ayn\u0131 zamanda gen\u00e7lerimizin ki\u015fisel geli\u015fimlerini destekleyen, \u00f6zg\u00fcvenlerini art\u0131ran, liderlik becerilerini geli\u015ftiren ve toplum bilinci kazand\u0131ran \u00f6nemli bir aland\u0131r. Gen\u00e7lerimize, erken ya\u015flarda yeteneklerini ke\u015ffetme f\u0131rsat\u0131 sunmak, onlar\u0131 do\u011fru bran\u015flarla&#8230;<\/p>\n","protected":false},"author":1,"featured_media":16711,"comment_status":"open","ping_status":"open","sticky":false,"template":"","format":"standard","meta":{"_crdt_document":"","footnotes":""},"categories":[1],"tags":[],"class_list":["post-16710","post","type-post","status-publish","format-standard","has-post-thumbnail","hentry","category-guncel"],"_links":{"self":[{"href":"https:\/\/www.egemtv.com\/index.php?rest_route=\/wp\/v2\/posts\/16710","targetHints":{"allow":["GET"]}}],"collection":[{"href":"https:\/\/www.egemtv.com\/index.php?rest_route=\/wp\/v2\/posts"}],"about":[{"href":"https:\/\/www.egemtv.com\/index.php?rest_route=\/wp\/v2\/types\/post"}],"author":[{"embeddable":true,"href":"https:\/\/www.egemtv.com\/index.php?rest_route=\/wp\/v2\/users\/1"}],"replies":[{"embeddable":true,"href":"https:\/\/www.egemtv.com\/index.php?rest_route=%2Fwp%2Fv2%2Fcomments&post=16710"}],"version-history":[{"count":1,"href":"https:\/\/www.egemtv.com\/index.php?rest_route=\/wp\/v2\/posts\/16710\/revisions"}],"predecessor-version":[{"id":16712,"href":"https:\/\/www.egemtv.com\/index.php?rest_route=\/wp\/v2\/posts\/16710\/revisions\/16712"}],"wp:featuredmedia":[{"embeddable":true,"href":"https:\/\/www.egemtv.com\/index.php?rest_route=\/wp\/v2\/media\/16711"}],"wp:attachment":[{"href":"https:\/\/www.egemtv.com\/index.php?rest_route=%2Fwp%2Fv2%2Fmedia&parent=16710"}],"wp:term":[{"taxonomy":"category","embeddable":true,"href":"https:\/\/www.egemtv.com\/index.php?rest_route=%2Fwp%2Fv2%2Fcategories&post=16710"},{"taxonomy":"post_tag","embeddable":true,"href":"https:\/\/www.egemtv.com\/index.php?rest_route=%2Fwp%2Fv2%2Ftags&post=16710"}],"curies":[{"name":"wp","href":"https:\/\/api.w.org\/{rel}","templated":true}]}}