{"id":16706,"date":"2025-02-07T13:43:23","date_gmt":"2025-02-07T10:43:23","guid":{"rendered":"https:\/\/www.egemtv.com\/?p=16706"},"modified":"2025-02-07T13:43:29","modified_gmt":"2025-02-07T10:43:29","slug":"seferihisar-belediye-baskani-yuzu-yanan-personelini-ziyaret-etti-2","status":"publish","type":"post","link":"https:\/\/www.egemtv.com\/?p=16706","title":{"rendered":"Seferihisar Belediye Ba\u015fkan\u0131, y\u00fcz\u00fc yanan personelini ziyaret etti"},"content":{"rendered":"<p>\u0130zmir Seferihisar Belediyesi\u2019nde \u015faka ama\u00e7l\u0131 video \u00e7ekerken engelli bir \u00e7al\u0131\u015fan\u0131n y\u00fcz\u00fcnde yan\u0131klar olu\u015fmas\u0131 ile ilgili aralar\u0131nda daire m\u00fcd\u00fcrlerinin de oldu\u011fu 5 ki\u015fi hakk\u0131nda soru\u015fturma ba\u015flat\u0131ld\u0131, 2 personelin ise i\u015flerine son verildi. Ba\u015fkan Yeti\u015fkin de konuyla ilgili a\u00e7\u0131klama yaparak, olay\u0131n takip\u00e7isi olduklar\u0131n\u0131 dile getirdi.<br \/>\n<br \/>\u0130zmir\u2019in Seferihisar il\u00e7esinde bir belediye personelinin \u00fczerine \u015faka ama\u00e7l\u0131 kolonya d\u00f6k\u00fclerek ate\u015fe verilen ve v\u00fccudun bir k\u0131sm\u0131nda yan\u0131klar olu\u015ftu. Ya\u015fanan bu durum \u00fczerine orada bulunan i\u015f arkada\u015flar\u0131 Efe\u2019nin yanmas\u0131n\u0131 engellemek i\u00e7in olaya m\u00fcdahale etti. Efe, b\u00fcy\u00fck bir yan\u0131k olmas\u0131ndan kurtulsa da, y\u00fcz\u00fcn\u00fcn yanmas\u0131na ve v\u00fccudunun \u00e7e\u015fitli yerlerinde yan\u0131klar olmas\u0131ndan kurtulamad\u0131. Seferihisar Belediye Ba\u015fkan\u0131 \u0130smail Yeti\u015fkin, ya\u015fanan bu talihsiz olaydan dolay\u0131 Bar\u0131\u015f \u00c7.\u2019nin i\u015ften at\u0131ld\u0131\u011f\u0131n\u0131, Halkla \u0130li\u015fkiler M\u00fcd\u00fcr\u00fc olan \u00d6zcan A.\u2019n\u0131n m\u00fcd\u00fcrl\u00fc\u011f\u00fcn\u00fcn d\u00fc\u015f\u00fcr\u00fcld\u00fc\u011f\u00fcn\u00fc ifade etti. Konuyla ilgili a\u00e7\u0131klama yapan Ba\u015fkan Yeti\u015fkin, olay\u0131n mesai bitiminden sonra ger\u00e7ekle\u015fti\u011fini vurgulayarak, &#8220;Arkada\u015flar m\u00fcd\u00fcr\u00fcn odas\u0131na toplan\u0131yorlar, hep birlikte otururken Efe ile muhabbet ediyorlar. Odada Efe\u2019nin \u00fczerine kolonya d\u00f6k\u00fcl\u00fcyor, kolonya d\u00f6k\u00fcld\u00fckten sonra i\u015fte \u00e7akmaklar \u00e7ak\u0131yorlar ve alev al\u0131yor, onu s\u00f6nd\u00fcreyim derken bir arkada\u015f\u0131n\u0131n da ellerini yan\u0131yor. Bu olay per\u015fembe g\u00fcn\u00fc oluyor. Ben de cuma g\u00fcn\u00fc \u0130stanbul\u2019dayd\u0131m; araya cumartesi-pazar girdi. Pazartesi g\u00fcn\u00fc olay\u0131 duydu\u011fumda hemen m\u00fcdahil olduk. Disiplin Kurulu\u2019nu toplad\u0131k. B\u00fct\u00fcn soru\u015fturmalar\u0131 yapt\u0131k. Zaten olay savc\u0131l\u0131\u011fa da intikal etti. Orada da ifadeleri verildi&#8221; dedi.<\/p>\n<p>&#8220;Kimsenin akl\u0131na bir \u015fey gelmesin&#8221;<br \/>\n<br \/>Soru\u015fturmalar\u0131n devam etti\u011fini s\u00f6yleyen Ba\u015fkan Yeti\u015fkin, &#8220;Bar\u0131\u015f \u00c7. ve \u00d6zcan A. adl\u0131 arkada\u015f\u0131m\u0131z denetimli serbestlik olarak serbest b\u0131rak\u0131ld\u0131. Ayr\u0131ca yurt d\u0131\u015f\u0131 yasa\u011f\u0131 getirildi. Mahkemeleri d\u0131\u015far\u0131dan devam edecek. Yarg\u0131 s\u00fcreci zaten ba\u015flad\u0131. Di\u011ferlerini de tan\u0131k olarak zaten ifadelerini ald\u0131lar. Biz de belediye olarak Disiplin Kurulu\u2019nu toplad\u0131k. \u015eu anda tek tek ifadelerini al\u0131yoruz. Kimsenin akl\u0131na hi\u00e7bir \u015fey gelmesin. Bu olay\u0131 sonuna kadar takip\u00e7isiyiz, bu olay\u0131 ya\u015fatanlar bu arkada\u015f\u0131m\u0131z\u0131 ne ya\u015fatt\u0131ysa ya\u015fatt\u0131\u011f\u0131n\u0131 kar\u015f\u0131l\u0131\u011f\u0131n\u0131 alacak&#8221; diye konu\u015ftu.<br \/><\/p>\n","protected":false},"excerpt":{"rendered":"<p>\u0130zmir Seferihisar Belediyesi\u2019nde \u015faka ama\u00e7l\u0131 video \u00e7ekerken engelli bir \u00e7al\u0131\u015fan\u0131n y\u00fcz\u00fcnde yan\u0131klar olu\u015fmas\u0131 ile ilgili aralar\u0131nda daire m\u00fcd\u00fcrlerinin de oldu\u011fu 5 ki\u015fi hakk\u0131nda soru\u015fturma ba\u015flat\u0131ld\u0131, 2 personelin ise i\u015flerine son verildi. Ba\u015fkan Yeti\u015fkin de konuyla ilgili a\u00e7\u0131klama yaparak, olay\u0131n takip\u00e7isi olduklar\u0131n\u0131 dile getirdi. \u0130zmir\u2019in Seferihisar il\u00e7esinde bir belediye personelinin \u00fczerine \u015faka ama\u00e7l\u0131 kolonya d\u00f6k\u00fclerek ate\u015fe&#8230;<\/p>\n","protected":false},"author":1,"featured_media":16707,"comment_status":"open","ping_status":"open","sticky":false,"template":"","format":"standard","meta":{"_crdt_document":"","footnotes":""},"categories":[1],"tags":[],"class_list":["post-16706","post","type-post","status-publish","format-standard","has-post-thumbnail","hentry","category-guncel"],"_links":{"self":[{"href":"https:\/\/www.egemtv.com\/index.php?rest_route=\/wp\/v2\/posts\/16706","targetHints":{"allow":["GET"]}}],"collection":[{"href":"https:\/\/www.egemtv.com\/index.php?rest_route=\/wp\/v2\/posts"}],"about":[{"href":"https:\/\/www.egemtv.com\/index.php?rest_route=\/wp\/v2\/types\/post"}],"author":[{"embeddable":true,"href":"https:\/\/www.egemtv.com\/index.php?rest_route=\/wp\/v2\/users\/1"}],"replies":[{"embeddable":true,"href":"https:\/\/www.egemtv.com\/index.php?rest_route=%2Fwp%2Fv2%2Fcomments&post=16706"}],"version-history":[{"count":1,"href":"https:\/\/www.egemtv.com\/index.php?rest_route=\/wp\/v2\/posts\/16706\/revisions"}],"predecessor-version":[{"id":16709,"href":"https:\/\/www.egemtv.com\/index.php?rest_route=\/wp\/v2\/posts\/16706\/revisions\/16709"}],"wp:featuredmedia":[{"embeddable":true,"href":"https:\/\/www.egemtv.com\/index.php?rest_route=\/wp\/v2\/media\/16707"}],"wp:attachment":[{"href":"https:\/\/www.egemtv.com\/index.php?rest_route=%2Fwp%2Fv2%2Fmedia&parent=16706"}],"wp:term":[{"taxonomy":"category","embeddable":true,"href":"https:\/\/www.egemtv.com\/index.php?rest_route=%2Fwp%2Fv2%2Fcategories&post=16706"},{"taxonomy":"post_tag","embeddable":true,"href":"https:\/\/www.egemtv.com\/index.php?rest_route=%2Fwp%2Fv2%2Ftags&post=16706"}],"curies":[{"name":"wp","href":"https:\/\/api.w.org\/{rel}","templated":true}]}}