{"id":16701,"date":"2025-02-07T13:43:10","date_gmt":"2025-02-07T10:43:10","guid":{"rendered":"https:\/\/www.egemtv.com\/?p=16701"},"modified":"2025-02-07T13:43:18","modified_gmt":"2025-02-07T10:43:18","slug":"bodrum-belediye-baskani-mandalinci-hedefimiz-turizmi-12-aya-yaymak","status":"publish","type":"post","link":"https:\/\/www.egemtv.com\/?p=16701","title":{"rendered":"Bodrum Belediye Ba\u015fkan\u0131 Mandalinci: &#8220;Hedefimiz turizmi 12 aya yaymak&#8221;"},"content":{"rendered":"<p>Bodrum Belediye Ba\u015fkan\u0131 Tamer Mandalinci, 28. Do\u011fu Akdeniz Uluslararas\u0131 Turizm ve Seyahat Fuar\u0131nda (EMITT), 2025 yaz sezonuyla ilgili de\u011ferlendirmelerde bulundu.<\/p>\n<p>5 \u015eubat \u00c7ar\u015famba g\u00fcn\u00fc \u0130stanbul T\u00dcYAP Fuar ve Kongre Merkezi\u2019nde a\u00e7\u0131l\u0131\u015f\u0131 yap\u0131lan 28. Do\u011fu Akdeniz Uluslararas\u0131 Turizm ve Seyahat Fuar\u0131na kat\u0131lan Bodrum Belediye Ba\u015fkan\u0131 Tamer Mandalinci, Turizm Master Eylem Plan\u0131 ile 2025 turizm sezonu beklentilerini anlatt\u0131. Ba\u015fkan Tamer Mandalinci, Bodrum\u2019un do\u011fal g\u00fczellikleri, tarihi yap\u0131s\u0131 ve k\u00fclt\u00fcrel zenginlikleri hakk\u0131nda bilgiler verirken b\u00f6lge turizmi i\u00e7in yapt\u0131klar\u0131 \u00e7al\u0131\u015fmalarla ilgili de\u011ferlendirmelerde bulunarak, &#8220;Bodrum, Akdeniz havzas\u0131nda do\u011fal g\u00fczellikleri ile ak\u0131llarda yer etmi\u015f ve bir\u00e7ok uygarl\u0131\u011fa ev sahipli\u011fi yapm\u0131\u015f bir kenttir. Do\u011fal, k\u00fclt\u00fcrel, ekonomik zenginliklerinin yan\u0131 s\u0131ra hem d\u00fcnyada hem de \u00fclkemizde tan\u0131nan son derece \u00f6nemli bir turizm destinasyonudur. Yerel y\u00f6netimler, turizm end\u00fcstrisinin b\u00fct\u00fcn akt\u00f6rleri ve Bodrumlular olarak bu kentin turizm potansiyelini art\u0131rmak sorumlulu\u011fumuzdur. Bu fuarlarla beraber Bodrum\u2019umuzun marka de\u011ferini hat\u0131rlatmaya katk\u0131da bulunmak ve b\u00f6lgemize gelen turistlerin say\u0131s\u0131n\u0131 art\u0131rmak i\u00e7in \u00e7al\u0131\u015fmalar\u0131m\u0131z\u0131 b\u00fcy\u00fck bir \u00f6zveri ile s\u00fcrd\u00fcr\u00fcyoruz&#8221; dedi.<\/p>\n<p>Bodrum Belediyesi olarak yapt\u0131klar\u0131 \u00e7al\u0131\u015fmalarla y\u0131l\u0131n 12 ay\u0131na yay\u0131lan bir turizm faaliyeti y\u00fcr\u00fctmeye \u00e7al\u0131\u015ft\u0131klar\u0131n\u0131 vurgulayan Ba\u015fkan Mandalinci, Bodrum Turizm Master Eylem Plan\u0131 ile ilgili olarak, &#8220;Bodrum Turizm Master Eylem Plan\u0131yla turizm end\u00fcstrisi akt\u00f6rlerinin bir arada, ortak ak\u0131lla karar almas\u0131n\u0131 sa\u011flayacak Bodrum Turizm Koridorlar\u0131yla b\u00fct\u00fcnc\u00fcl ve koordineli y\u00f6netim konusunda \u00f6rnek bir vizyonu k\u0131sa s\u00fcrede hayata ge\u00e7irece\u011fiz. \u00d6zellikle yaz ve k\u0131\u015f koridoru olarak bunu ikiye b\u00f6lm\u00fc\u015f durumday\u0131z. Yaz koridorunda \u0130ki Yaka K\u00fclt\u00fcr Festivali, Uluslararas\u0131 Akdeniz Edebiyat G\u00fcnleri, Bodrum Cup gibi etkinliklerimiz yer al\u0131yor. Yaz koridorunda \u00e7ok ciddi bir sirk\u00fclasyonumuz var ancak biz k\u0131\u015f koridoru da olu\u015fturarak \u00f6zellikle gastronomi alan\u0131nda Mandalin Festivalinde, Ot Festivalinde, kongre turizminde Bodrum\u2019u sadece yaz turizmine ba\u011fl\u0131 kalmadan y\u0131l\u0131n 12 aya yayarak y\u00f6netmek ve \u00fclkemize katk\u0131 sa\u011flamak istiyoruz&#8221; diye konu\u015ftu.<\/p>\n<p>&#8220;D\u00fcnyan\u0131n g\u00f6z bebe\u011fi Bodrum&#8221;<br \/>\n<br \/>Ba\u015fkan Mandalinci, Mu\u011fla B\u00fcy\u00fck\u015fehir Belediye Ba\u015fkan\u0131 Ahmet Aras\u2019\u0131n \u2019D\u00fcnya Kenti Mu\u011fla\u2019 vizyonunun Mu\u011fla\u2019ya \u00e7ok yak\u0131\u015ft\u0131\u011f\u0131n\u0131 belirterek, &#8220;Bu b\u00f6lge d\u00fcnyan\u0131n g\u00f6z bebe\u011fi, \u00e7ekim noktas\u0131d\u0131r. Mu\u011fla\u2019m\u0131z\u0131n on \u00fc\u00e7 il\u00e7esi birbirinden g\u00fczel de\u011ferlere ve turistik y\u00f6relere sahip. Bodrum, bunlar\u0131n en \u00f6nemli halkalar\u0131ndan biridir. Bu kapsamda bizler, \u2018d\u00fcnyan\u0131n g\u00f6z bebe\u011fi Bodrum\u2019 anlay\u0131\u015f\u0131yla \u00e7al\u0131\u015fmalar\u0131m\u0131za devam edece\u011fiz. Ge\u00e7mi\u015ften ald\u0131\u011f\u0131m\u0131z bu miras\u0131, ge\u00e7mi\u015fimizin bizlere y\u00fckledi\u011fi tarihi sorumlulu\u011fu ve misyonu art\u0131rarak gelecek ku\u015faklara ula\u015ft\u0131rmak i\u00e7in var g\u00fcc\u00fcm\u00fczle \u00e7al\u0131\u015f\u0131yoruz. Bu nedenle kentimizin gelece\u011fi, turizm vizyonu ve k\u00fclt\u00fcrel miras\u0131n\u0131 tan\u0131tmak ve hat\u0131rlatmak i\u00e7in EMITT fuar\u0131nda yerimizi ald\u0131k&#8221; ifadelerini kulland\u0131.<\/p>\n<p>2025 turizm sezonu ile ilgili beklentilerini dile getiren Bodrum Belediye Ba\u015fkan\u0131 Tamer Mandalinci, &#8220;2025 y\u0131l\u0131 turizm sezonundan \u00e7ok umutluyuz. Rezervasyonlardan anla\u015f\u0131l\u0131yor ki yurt d\u0131\u015f\u0131 pazar\u0131nda Bodrum yo\u011fun bir ilgi g\u00f6r\u00fcyor. \u0130ngiltere\u2019de ger\u00e7ekle\u015fen fuar da son derece iyi ge\u00e7ti. Bodrum\u2019a direk u\u00e7u\u015flar\u0131n artmas\u0131 turizmimizi olumlu etkiliyor. Hem yerelde hem uluslararas\u0131 arenada yo\u011fun bir turizm sezonu bekliyoruz. Kentimizde turist say\u0131s\u0131 daha y\u00fcksek bir potansiyele kavu\u015facak ve esnaf\u0131m\u0131z\u0131n y\u00fcz\u00fcn\u00fc g\u00fclecek&#8221; dedi.<br \/><\/p>\n","protected":false},"excerpt":{"rendered":"<p>Bodrum Belediye Ba\u015fkan\u0131 Tamer Mandalinci, 28. Do\u011fu Akdeniz Uluslararas\u0131 Turizm ve Seyahat Fuar\u0131nda (EMITT), 2025 yaz sezonuyla ilgili de\u011ferlendirmelerde bulundu. 5 \u015eubat \u00c7ar\u015famba g\u00fcn\u00fc \u0130stanbul T\u00dcYAP Fuar ve Kongre Merkezi\u2019nde a\u00e7\u0131l\u0131\u015f\u0131 yap\u0131lan 28. Do\u011fu Akdeniz Uluslararas\u0131 Turizm ve Seyahat Fuar\u0131na kat\u0131lan Bodrum Belediye Ba\u015fkan\u0131 Tamer Mandalinci, Turizm Master Eylem Plan\u0131 ile 2025 turizm sezonu beklentilerini&#8230;<\/p>\n","protected":false},"author":1,"featured_media":16702,"comment_status":"open","ping_status":"open","sticky":false,"template":"","format":"standard","meta":{"_crdt_document":"","footnotes":""},"categories":[125],"tags":[],"class_list":["post-16701","post","type-post","status-publish","format-standard","has-post-thumbnail","hentry","category-ekonomi"],"_links":{"self":[{"href":"https:\/\/www.egemtv.com\/index.php?rest_route=\/wp\/v2\/posts\/16701","targetHints":{"allow":["GET"]}}],"collection":[{"href":"https:\/\/www.egemtv.com\/index.php?rest_route=\/wp\/v2\/posts"}],"about":[{"href":"https:\/\/www.egemtv.com\/index.php?rest_route=\/wp\/v2\/types\/post"}],"author":[{"embeddable":true,"href":"https:\/\/www.egemtv.com\/index.php?rest_route=\/wp\/v2\/users\/1"}],"replies":[{"embeddable":true,"href":"https:\/\/www.egemtv.com\/index.php?rest_route=%2Fwp%2Fv2%2Fcomments&post=16701"}],"version-history":[{"count":1,"href":"https:\/\/www.egemtv.com\/index.php?rest_route=\/wp\/v2\/posts\/16701\/revisions"}],"predecessor-version":[{"id":16703,"href":"https:\/\/www.egemtv.com\/index.php?rest_route=\/wp\/v2\/posts\/16701\/revisions\/16703"}],"wp:featuredmedia":[{"embeddable":true,"href":"https:\/\/www.egemtv.com\/index.php?rest_route=\/wp\/v2\/media\/16702"}],"wp:attachment":[{"href":"https:\/\/www.egemtv.com\/index.php?rest_route=%2Fwp%2Fv2%2Fmedia&parent=16701"}],"wp:term":[{"taxonomy":"category","embeddable":true,"href":"https:\/\/www.egemtv.com\/index.php?rest_route=%2Fwp%2Fv2%2Fcategories&post=16701"},{"taxonomy":"post_tag","embeddable":true,"href":"https:\/\/www.egemtv.com\/index.php?rest_route=%2Fwp%2Fv2%2Ftags&post=16701"}],"curies":[{"name":"wp","href":"https:\/\/api.w.org\/{rel}","templated":true}]}}