{"id":16698,"date":"2025-02-07T13:38:08","date_gmt":"2025-02-07T10:38:08","guid":{"rendered":"https:\/\/www.egemtv.com\/?p=16698"},"modified":"2025-02-07T13:38:13","modified_gmt":"2025-02-07T10:38:13","slug":"traktorden-dusup-olen-genc-icin-senaryo-yazildi-motosiklet-kazasi-olarak-gosterildi","status":"publish","type":"post","link":"https:\/\/www.egemtv.com\/?p=16698","title":{"rendered":"Trakt\u00f6rden d\u00fc\u015f\u00fcp \u00f6len gen\u00e7 i\u00e7in senaryo yaz\u0131ld\u0131, motosiklet kazas\u0131 olarak g\u00f6sterildi"},"content":{"rendered":"<p>Burdur\u2019un G\u00f6lhisar il\u00e7esinde motosiklet kazas\u0131nda hayat\u0131n\u0131 kaybetti\u011fi \u00f6ne s\u00fcr\u00fclen Bahri Sirel\u2019in (29), kazaya dair iz bulunmay\u0131nca trakt\u00f6rden d\u00fc\u015ferek ya\u015fam\u0131n\u0131 yitirdi\u011fi iddia edildi. Olay\u0131n \u00fczerini \u00f6rtmek i\u00e7in motosikletin olay yerine getirildi\u011fi \u00f6ne s\u00fcr\u00fcl\u00fcrken, olay g\u00fcn\u00fc trakt\u00f6r\u00fc kullanan \u015fah\u0131s taksirle \u00f6l\u00fcme neden olma sebebiyle tutukland\u0131.<br \/>\n<br \/>Olay, 3 \u015eubat 2025 Pazartesi g\u00fcn\u00fc saat 11.37 s\u0131ralar\u0131nda G\u00f6lhisar il\u00e7esi Evciler k\u00f6y\u00fc Arpa Deresi mevkiinde meydana geldi. \u0130ddiaya g\u00f6re,  20 D 4728 plakal\u0131 motosikletle kaza yapt\u0131\u011f\u0131 bildirilen Bahri Sirel(29), a\u011f\u0131r yaral\u0131 olarak G\u00f6lhisar Devlet Hastanesi\u2019ne kald\u0131r\u0131ld\u0131 ancak t\u00fcm m\u00fcdahalelere ra\u011fmen kurtar\u0131lamad\u0131. Cenazesi bir g\u00fcn sonra Karap\u0131nar k\u00f6y\u00fcnde defnedildi.<\/p>\n<p>Yak\u0131nlar\u0131n\u0131n \u015f\u00fcphesi olay\u0131 ayd\u0131nlatt\u0131<br \/>\n<br \/>Sirel\u2019in ailesi, motosiklette kazaya dair bir iz bulunmamas\u0131 \u00fczerine jandarmaya ba\u015fvurdu. Yap\u0131lan \u00e7al\u0131\u015fmalar sonucunda, Sirel\u2019in asl\u0131nda Karap\u0131nar k\u00f6y\u00fcnde bir ba\u011f evinin y\u0131k\u0131m i\u015finde \u00e7al\u0131\u015ft\u0131\u011f\u0131 ve trakt\u00f6rle enkaz ta\u015f\u0131d\u0131\u011f\u0131 s\u0131rada d\u00fc\u015ft\u00fc\u011f\u00fc belirlendi.<br \/>\n<br \/>Olay g\u00fcn\u00fc trakt\u00f6r\u00fc kullanan H\u00fcseyin \u00d6.\u2019n\u00fcn(48), Karap\u0131nar k\u00f6y\u00fc muhtar\u0131 olan karde\u015fi S.\u00d6.(43) ve R.K. ile birlikte, Sirel\u2019in ba\u011f evinde bulunan motosikletini olay yerine g\u00f6t\u00fcrerek kazaya kurban gitmi\u015f gibi g\u00f6sterdi\u011fi iddia edildi. Jandarma ekipleri taraf\u0131ndan yap\u0131lan \u00e7al\u0131\u015fmalar sonucunda \u2019Taksirle \u00d6l\u00fcme Neden Olma ve Su\u00e7 Delillerini Gizleme veya De\u011fi\u015ftirme\u2019 \u015f\u00fcphesiyle g\u00f6zalt\u0131na al\u0131nan H\u00fcseyin \u00d6., e\u015fi F.\u00d6., muhtar S.\u00d6. ve R.K., G\u00f6lhisar Adliyesine sevk edildi. Mahkeme, trakt\u00f6r\u00fc kullanan H\u00fcseyin \u00d6.\u2019y\u00fc taksirle \u00f6l\u00fcme neden olma su\u00e7undan tutuklarken, F.\u00d6 ve R.K. serbest b\u0131rak\u0131ld\u0131. S.\u00d6. ise adli kontrol \u015fart\u0131yla serbest b\u0131rak\u0131ld\u0131. Olayla ilgili soru\u015fturma devam ederken ailenin mezar\u0131n tekrar a\u00e7\u0131lmas\u0131 i\u00e7in ba\u015fvuruda bulunuldu\u011fu \u00f6\u011frenildi.<br \/><\/p>\n","protected":false},"excerpt":{"rendered":"<p>Burdur\u2019un G\u00f6lhisar il\u00e7esinde motosiklet kazas\u0131nda hayat\u0131n\u0131 kaybetti\u011fi \u00f6ne s\u00fcr\u00fclen Bahri Sirel\u2019in (29), kazaya dair iz bulunmay\u0131nca trakt\u00f6rden d\u00fc\u015ferek ya\u015fam\u0131n\u0131 yitirdi\u011fi iddia edildi. Olay\u0131n \u00fczerini \u00f6rtmek i\u00e7in motosikletin olay yerine getirildi\u011fi \u00f6ne s\u00fcr\u00fcl\u00fcrken, olay g\u00fcn\u00fc trakt\u00f6r\u00fc kullanan \u015fah\u0131s taksirle \u00f6l\u00fcme neden olma sebebiyle tutukland\u0131. Olay, 3 \u015eubat 2025 Pazartesi g\u00fcn\u00fc saat 11.37 s\u0131ralar\u0131nda G\u00f6lhisar il\u00e7esi Evciler&#8230;<\/p>\n","protected":false},"author":1,"featured_media":16699,"comment_status":"open","ping_status":"open","sticky":false,"template":"","format":"standard","meta":{"_crdt_document":"","footnotes":""},"categories":[5],"tags":[],"class_list":["post-16698","post","type-post","status-publish","format-standard","has-post-thumbnail","hentry","category-asayis"],"_links":{"self":[{"href":"https:\/\/www.egemtv.com\/index.php?rest_route=\/wp\/v2\/posts\/16698","targetHints":{"allow":["GET"]}}],"collection":[{"href":"https:\/\/www.egemtv.com\/index.php?rest_route=\/wp\/v2\/posts"}],"about":[{"href":"https:\/\/www.egemtv.com\/index.php?rest_route=\/wp\/v2\/types\/post"}],"author":[{"embeddable":true,"href":"https:\/\/www.egemtv.com\/index.php?rest_route=\/wp\/v2\/users\/1"}],"replies":[{"embeddable":true,"href":"https:\/\/www.egemtv.com\/index.php?rest_route=%2Fwp%2Fv2%2Fcomments&post=16698"}],"version-history":[{"count":1,"href":"https:\/\/www.egemtv.com\/index.php?rest_route=\/wp\/v2\/posts\/16698\/revisions"}],"predecessor-version":[{"id":16700,"href":"https:\/\/www.egemtv.com\/index.php?rest_route=\/wp\/v2\/posts\/16698\/revisions\/16700"}],"wp:featuredmedia":[{"embeddable":true,"href":"https:\/\/www.egemtv.com\/index.php?rest_route=\/wp\/v2\/media\/16699"}],"wp:attachment":[{"href":"https:\/\/www.egemtv.com\/index.php?rest_route=%2Fwp%2Fv2%2Fmedia&parent=16698"}],"wp:term":[{"taxonomy":"category","embeddable":true,"href":"https:\/\/www.egemtv.com\/index.php?rest_route=%2Fwp%2Fv2%2Fcategories&post=16698"},{"taxonomy":"post_tag","embeddable":true,"href":"https:\/\/www.egemtv.com\/index.php?rest_route=%2Fwp%2Fv2%2Ftags&post=16698"}],"curies":[{"name":"wp","href":"https:\/\/api.w.org\/{rel}","templated":true}]}}