{"id":16695,"date":"2025-02-07T13:34:15","date_gmt":"2025-02-07T10:34:15","guid":{"rendered":"https:\/\/www.egemtv.com\/?p=16695"},"modified":"2025-02-07T13:34:21","modified_gmt":"2025-02-07T10:34:21","slug":"uyusturucu-kullandigi-tespit-edilen-9-kisi-yakalandi","status":"publish","type":"post","link":"https:\/\/www.egemtv.com\/?p=16695","title":{"rendered":"Uyu\u015fturucu kulland\u0131\u011f\u0131 tespit edilen 9 ki\u015fi yakaland\u0131"},"content":{"rendered":"<p>Ayd\u0131n\u2019da jandarma ekiplerince yap\u0131lan \u00e7al\u0131\u015fmalarda uyu\u015fturucu kulland\u0131\u011f\u0131 tespit edilen 9 ki\u015fi yakaland\u0131.<\/p>\n<p>Ayd\u0131n \u0130l Jandarma Komutanl\u0131\u011f\u0131 koordinesinde uyu\u015fturucu ile m\u00fccadeleye y\u00f6nelik \u00e7al\u0131\u015fmalar aral\u0131ks\u0131z s\u00fcr\u00fcyor. Edinilen bilgiye g\u00f6re \u00c7ine, Efeler, Germencik, Ko\u00e7arl\u0131 ve S\u00f6ke \u0130l\u00e7e Jandarma Komutanl\u0131klar\u0131nca uyu\u015fturucu madde sat\u0131c\u0131s\u0131 ve kullan\u0131c\u0131lar\u0131na y\u00f6nelik yap\u0131lan \u00e7al\u0131\u015fmada E.\u00c7., M.D., B.H., S.G., R.D., H.A., A.O.U., U.A. ve E.A. isimli \u015f\u00fcphelilerin uyu\u015fturucu madde kulland\u0131klar\u0131 tespit edildi. Ayr\u0131ca Efeler il\u00e7esinde E.A. ve S\u00f6ke il\u00e7esinde U.A. isimli \u015f\u00fcpheli \u015fah\u0131slar\u0131n \u00fczerinden bir miktar uyu\u015fturucu madde ele ge\u00e7irildi.<\/p>\n<p>Yakalanan \u015f\u00fcpheli \u015fah\u0131slar hakk\u0131nda ba\u015flat\u0131lan adli s\u00fcrecin devam etti\u011fi \u00f6\u011frenildi.<br \/><\/p>\n","protected":false},"excerpt":{"rendered":"<p>Ayd\u0131n\u2019da jandarma ekiplerince yap\u0131lan \u00e7al\u0131\u015fmalarda uyu\u015fturucu kulland\u0131\u011f\u0131 tespit edilen 9 ki\u015fi yakaland\u0131. Ayd\u0131n \u0130l Jandarma Komutanl\u0131\u011f\u0131 koordinesinde uyu\u015fturucu ile m\u00fccadeleye y\u00f6nelik \u00e7al\u0131\u015fmalar aral\u0131ks\u0131z s\u00fcr\u00fcyor. Edinilen bilgiye g\u00f6re \u00c7ine, Efeler, Germencik, Ko\u00e7arl\u0131 ve S\u00f6ke \u0130l\u00e7e Jandarma Komutanl\u0131klar\u0131nca uyu\u015fturucu madde sat\u0131c\u0131s\u0131 ve kullan\u0131c\u0131lar\u0131na y\u00f6nelik yap\u0131lan \u00e7al\u0131\u015fmada E.\u00c7., M.D., B.H., S.G., R.D., H.A., A.O.U., U.A. ve E.A. isimli&#8230;<\/p>\n","protected":false},"author":1,"featured_media":16696,"comment_status":"open","ping_status":"open","sticky":false,"template":"","format":"standard","meta":{"_crdt_document":"","footnotes":""},"categories":[5],"tags":[],"class_list":["post-16695","post","type-post","status-publish","format-standard","has-post-thumbnail","hentry","category-asayis"],"_links":{"self":[{"href":"https:\/\/www.egemtv.com\/index.php?rest_route=\/wp\/v2\/posts\/16695","targetHints":{"allow":["GET"]}}],"collection":[{"href":"https:\/\/www.egemtv.com\/index.php?rest_route=\/wp\/v2\/posts"}],"about":[{"href":"https:\/\/www.egemtv.com\/index.php?rest_route=\/wp\/v2\/types\/post"}],"author":[{"embeddable":true,"href":"https:\/\/www.egemtv.com\/index.php?rest_route=\/wp\/v2\/users\/1"}],"replies":[{"embeddable":true,"href":"https:\/\/www.egemtv.com\/index.php?rest_route=%2Fwp%2Fv2%2Fcomments&post=16695"}],"version-history":[{"count":1,"href":"https:\/\/www.egemtv.com\/index.php?rest_route=\/wp\/v2\/posts\/16695\/revisions"}],"predecessor-version":[{"id":16697,"href":"https:\/\/www.egemtv.com\/index.php?rest_route=\/wp\/v2\/posts\/16695\/revisions\/16697"}],"wp:featuredmedia":[{"embeddable":true,"href":"https:\/\/www.egemtv.com\/index.php?rest_route=\/wp\/v2\/media\/16696"}],"wp:attachment":[{"href":"https:\/\/www.egemtv.com\/index.php?rest_route=%2Fwp%2Fv2%2Fmedia&parent=16695"}],"wp:term":[{"taxonomy":"category","embeddable":true,"href":"https:\/\/www.egemtv.com\/index.php?rest_route=%2Fwp%2Fv2%2Fcategories&post=16695"},{"taxonomy":"post_tag","embeddable":true,"href":"https:\/\/www.egemtv.com\/index.php?rest_route=%2Fwp%2Fv2%2Ftags&post=16695"}],"curies":[{"name":"wp","href":"https:\/\/api.w.org\/{rel}","templated":true}]}}