{"id":16689,"date":"2025-02-07T13:02:10","date_gmt":"2025-02-07T10:02:10","guid":{"rendered":"https:\/\/www.egemtv.com\/?p=16689"},"modified":"2025-02-07T13:02:16","modified_gmt":"2025-02-07T10:02:16","slug":"egiad-ve-esiad-isbirligi-gucleniyor","status":"publish","type":"post","link":"https:\/\/www.egemtv.com\/?p=16689","title":{"rendered":"EG\u0130AD ve ES\u0130AD i\u015fbirli\u011fi g\u00fc\u00e7leniyor"},"content":{"rendered":"<p>Ege Sanayici ve \u0130\u015f \u0130nsanlar\u0131 Derne\u011fi (ES\u0130AD) ile Ege Gen\u00e7 \u0130\u015f \u0130nsanlar\u0131 Derne\u011fi (EG\u0130AD) aras\u0131nda ortak giri\u015fimlerde bulunmak \u00fczere 2008 y\u0131l\u0131nda imzalanan i\u015fbirli\u011fi protokol\u00fc iki kurum aras\u0131ndaki dayan\u0131\u015fmay\u0131 ve ortak projeleri g\u00fc\u00e7lendirmeye devam ediyor. EG\u0130AD, y\u00f6netimini ziyaret eden ES\u0130AD Y\u00f6netim Kurulu\u2019nun, EG\u0130AD\u2019\u0131n ge\u00e7mi\u015f d\u00f6nem ba\u015fkanlar\u0131 ve y\u00f6netim kurulundan olu\u015fmas\u0131 ile dikkat \u00e7ekerken, toplant\u0131da iki STK aras\u0131ndaki g\u00fc\u00e7 birli\u011finin di\u011fer sivil toplum \u00f6rg\u00fctlerine de \u00f6rnek oldu\u011fu vurguland\u0131.<br \/>\n<br \/>Ziyarete ES\u0130AD Y\u00f6netim Kurulu Ba\u015fkan\u0131 Sibel Zorlu, Ba\u015fkan Vekili Murat Akkanlar, y\u00f6netim kurulu \u00fcyeleri Temel Aycan \u015een, Yi\u011fit Tat\u0131\u015f, Halil Nadas, Hakan \u00d6z\u00e7elik, Ay\u015fen Kabao\u011flu, Genel Sekreter Yard\u0131mc\u0131s\u0131 Burcu Kurcan ve Ara\u015ft\u0131rma Uzman\u0131 G\u00f6ksel U\u00e7ak kat\u0131ld\u0131.<br \/>\n<br \/>Ev sahipli\u011fini EG\u0130AD Y\u00f6netim Kurulu Ba\u015fkan\u0131 Kaan \u00d6zhelvac\u0131\u2019n\u0131n yapt\u0131\u011f\u0131 toplant\u0131da, EG\u0130AD Ba\u015fkan Vekilleri Arda Y\u0131lmaz, \u0130lker Erdiliball\u0131 ve Y\u00f6netim Kurulu \u00dcyeleri Cem Elmaso\u011flu, A\u00e7elya Ba\u00e7 U\u00e7ar, Elif K\u00e2ya, Ya\u011f\u0131z Serter, Alp Atay, Efe Sayg\u0131l\u0131, H\u00fcseyin Kad\u0131o\u011flu, Rebia Rezzan \u00d6zduran G\u00f6lc\u00fckl\u00fc, Remzi Uslu, Simge Bilir Kurt, Genel Sekreter Dr. H. \u0130. Murat \u00c7elik, Genel Sekreter Yard\u0131mc\u0131s\u0131 Ezgi Kudar ve Bas\u0131n Dan\u0131\u015fman\u0131 Ebru D\u00f6n de haz\u0131r bulundu.<br \/>\n<br \/>Toplant\u0131da, iki kurum aras\u0131ndaki g\u00fc\u00e7 birli\u011finin di\u011fer sivil toplum kurulu\u015flar\u0131na da \u00f6rnek oldu\u011fu vurgulanarak, s\u00fcrd\u00fcr\u00fclebilirlik alan\u0131nda yeni projelerin geli\u015ftirilece\u011fi belirtildi. Dijital d\u00f6n\u00fc\u015f\u00fcm, ye\u015fil d\u00f6n\u00fc\u015f\u00fcm ve toplumsal d\u00f6n\u00fc\u015f\u00fcm ba\u015fl\u0131klar\u0131nda &#8220;\u00dc\u00e7\u00fcz D\u00f6n\u00fc\u015f\u00fcm&#8221; olarak adland\u0131r\u0131lan faaliyetlerin, yeni projelerle ta\u00e7land\u0131r\u0131laca\u011f\u0131 ifade edildi.<br \/>\n<br \/>EG\u0130AD yeni d\u00f6nem y\u00f6netim kuruluna \u00e7al\u0131\u015fmalar\u0131nda ba\u015far\u0131lar dileyen ES\u0130AD Ba\u015fkan\u0131 Sibel Zorlu, EG\u0130AD ve ES\u0130AD\u2019\u0131n ba\u015fkan ve y\u00f6netimleriyle ge\u00e7mi\u015ften gelen, yap\u0131c\u0131 ili\u015fkilerinin her ge\u00e7en y\u0131l \u00fczerine yeni tu\u011flalar eklenerek daha da g\u00fc\u00e7lendi\u011fini belirterek, &#8220;\u0130ki STK T\u00fcrkiye\u2019ye \u00f6rnek olacak bir proje ortaya koymu\u015ftur. Bizler de birlikte yapt\u0131\u011f\u0131m\u0131z ortak toplant\u0131 ve zirvelerle bu birlikteli\u011fi g\u00fc\u00e7lendirip, kuvvetlendirdik&#8221; dedi.<br \/>\n<br \/>EG\u0130AD Ba\u015fkan\u0131 Kaan \u00d6zhelvac\u0131 ise, EG\u0130AD\u2019\u0131n gen\u00e7lik ve dinamizminin, ES\u0130AD\u2019\u0131n tecr\u00fcbesiyle birle\u015ferek b\u00fcy\u00fck bir sinerji olu\u015fturdu\u011funu belirterek, &#8220;B\u00f6lgemizin iki \u00f6nemli i\u015f d\u00fcnyas\u0131 STK\u2019s\u0131 g\u00f6n\u00fcl ve g\u00fc\u00e7 birli\u011fi yaparak \u00f6nemli i\u015flere imza at\u0131yor. EG\u0130AD bir okul niteli\u011finde; buradan mezun olan \u00fcyelerimiz ES\u0130AD\u2019da yer alarak i\u015f d\u00fcnyas\u0131nda \u00f6nc\u00fc rol oynuyor. Hep birlikte, ortak ak\u0131lla daha farkl\u0131 projelere imza atmaya devam edece\u011fiz. EG\u0130AD ve ES\u0130AD aras\u0131ndaki bu g\u00fc\u00e7l\u00fc i\u015fbirli\u011finin, b\u00f6lgesel ve ulusal d\u00fczeyde daha b\u00fcy\u00fck projelerle devam etmesini hedefliyoruz. STK\u2019lar aras\u0131nda &#8220;rekabet&#8221; yerine &#8220;i\u015fbirli\u011fi&#8221; anlay\u0131\u015f\u0131n\u0131n artmas\u0131na \u00f6nem veriyoruz.&#8221; diye konu\u015ftu.<br \/><\/p>\n","protected":false},"excerpt":{"rendered":"<p>Ege Sanayici ve \u0130\u015f \u0130nsanlar\u0131 Derne\u011fi (ES\u0130AD) ile Ege Gen\u00e7 \u0130\u015f \u0130nsanlar\u0131 Derne\u011fi (EG\u0130AD) aras\u0131nda ortak giri\u015fimlerde bulunmak \u00fczere 2008 y\u0131l\u0131nda imzalanan i\u015fbirli\u011fi protokol\u00fc iki kurum aras\u0131ndaki dayan\u0131\u015fmay\u0131 ve ortak projeleri g\u00fc\u00e7lendirmeye devam ediyor. EG\u0130AD, y\u00f6netimini ziyaret eden ES\u0130AD Y\u00f6netim Kurulu\u2019nun, EG\u0130AD\u2019\u0131n ge\u00e7mi\u015f d\u00f6nem ba\u015fkanlar\u0131 ve y\u00f6netim kurulundan olu\u015fmas\u0131 ile dikkat \u00e7ekerken, toplant\u0131da iki STK&#8230;<\/p>\n","protected":false},"author":1,"featured_media":16690,"comment_status":"open","ping_status":"open","sticky":false,"template":"","format":"standard","meta":{"_crdt_document":"","footnotes":""},"categories":[125],"tags":[],"class_list":["post-16689","post","type-post","status-publish","format-standard","has-post-thumbnail","hentry","category-ekonomi"],"_links":{"self":[{"href":"https:\/\/www.egemtv.com\/index.php?rest_route=\/wp\/v2\/posts\/16689","targetHints":{"allow":["GET"]}}],"collection":[{"href":"https:\/\/www.egemtv.com\/index.php?rest_route=\/wp\/v2\/posts"}],"about":[{"href":"https:\/\/www.egemtv.com\/index.php?rest_route=\/wp\/v2\/types\/post"}],"author":[{"embeddable":true,"href":"https:\/\/www.egemtv.com\/index.php?rest_route=\/wp\/v2\/users\/1"}],"replies":[{"embeddable":true,"href":"https:\/\/www.egemtv.com\/index.php?rest_route=%2Fwp%2Fv2%2Fcomments&post=16689"}],"version-history":[{"count":1,"href":"https:\/\/www.egemtv.com\/index.php?rest_route=\/wp\/v2\/posts\/16689\/revisions"}],"predecessor-version":[{"id":16691,"href":"https:\/\/www.egemtv.com\/index.php?rest_route=\/wp\/v2\/posts\/16689\/revisions\/16691"}],"wp:featuredmedia":[{"embeddable":true,"href":"https:\/\/www.egemtv.com\/index.php?rest_route=\/wp\/v2\/media\/16690"}],"wp:attachment":[{"href":"https:\/\/www.egemtv.com\/index.php?rest_route=%2Fwp%2Fv2%2Fmedia&parent=16689"}],"wp:term":[{"taxonomy":"category","embeddable":true,"href":"https:\/\/www.egemtv.com\/index.php?rest_route=%2Fwp%2Fv2%2Fcategories&post=16689"},{"taxonomy":"post_tag","embeddable":true,"href":"https:\/\/www.egemtv.com\/index.php?rest_route=%2Fwp%2Fv2%2Ftags&post=16689"}],"curies":[{"name":"wp","href":"https:\/\/api.w.org\/{rel}","templated":true}]}}