{"id":16683,"date":"2025-02-07T12:54:49","date_gmt":"2025-02-07T09:54:49","guid":{"rendered":"https:\/\/www.egemtv.com\/?p=16683"},"modified":"2025-02-07T12:54:55","modified_gmt":"2025-02-07T09:54:55","slug":"usakta-guvenlik-ve-asayis-bilgilendirme-toplantisi-gerceklestirildi","status":"publish","type":"post","link":"https:\/\/www.egemtv.com\/?p=16683","title":{"rendered":"U\u015fak\u2019ta g\u00fcvenlik ve asayi\u015f bilgilendirme toplant\u0131s\u0131 ger\u00e7ekle\u015ftirildi"},"content":{"rendered":"<p>U\u015fak Valisi Naci Akta\u015f, G\u00fcvenlik ve Asayi\u015f Bilgilendirme toplant\u0131s\u0131nda, asayi\u015f, ter\u00f6r, ka\u00e7ak\u00e7\u0131l\u0131k ve organize su\u00e7lar, g\u00f6\u00e7men ka\u00e7ak\u00e7\u0131l\u0131\u011f\u0131, siber ile trafik konular\u0131 hakk\u0131nda detayl\u0131 bilgiler verdi.<\/p>\n<p>U\u015fak Valisi Naci Akta\u015f, valilik binas\u0131nda d\u00fczenledi\u011fi bas\u0131n toplant\u0131s\u0131nda il genelindeki g\u00fcvenlik de\u011ferlendirme verilerini vatanda\u015flar ile payla\u015ft\u0131. \u0130l Emniyet M\u00fcd\u00fcr\u00fc Mehmet Ali Kolcu ve \u0130l Jandarma Komutan\u0131 K\u0131demli Albay Fahri Semiz ile birlikte U\u015fak\u2019taki kentteki g\u00fcvenlik konular\u0131 hakk\u0131nda bilgi aktaran Vali Akta\u015f, asayi\u015f, ter\u00f6r, ka\u00e7ak\u00e7\u0131l\u0131k ve organize su\u00e7lar, g\u00f6\u00e7men ka\u00e7ak\u00e7\u0131l\u0131\u011f\u0131, siber ile trafik konular\u0131na de\u011findi.<\/p>\n<p>173 aranan \u015fah\u0131s yakaland\u0131<br \/>\n<br \/>2025 y\u0131l\u0131n\u0131n Ocak ay\u0131nda ki\u015filere kar\u015f\u0131 i\u015flenen su\u00e7larda 363 olay ve mal varl\u0131\u011f\u0131na kar\u015f\u0131 i\u015flenen su\u00e7larda ise 47 olay meydana geldi. Bu olaylarda ayd\u0131nlatma oranlar\u0131 ki\u015filere kar\u015f\u0131 i\u015flenen su\u00e7larda y\u00fczde 98,62 olurken, mal varl\u0131\u011f\u0131na kar\u015f\u0131 i\u015flenen su\u00e7larda ise y\u00fczde 65,95 oldu. Bu \u00e7al\u0131\u015fmalar neticesinde kesinle\u015fmi\u015f hapis cezas\u0131 olan 173 aranan ki\u015fi yakalan\u0131rken, ifade i\u00e7in aranan 384 \u015fah\u0131s hakk\u0131nda i\u015flem yap\u0131ld\u0131\u011f\u0131n\u0131 belirtti. Yakalanan \u015fah\u0131slardan 0 ile 5 y\u0131l aras\u0131 kesinle\u015fmi\u015f cezas\u0131 olanlar\u0131n say\u0131s\u0131 137 \u015fah\u0131s olurken, 5 ile 10 y\u0131l aras\u0131 18 \u015fah\u0131s ve 10 y\u0131l ve \u00fczeri kesinle\u015fmi\u015f hapis cezas\u0131 bulunan 18 \u015fahs\u0131n oldu\u011fu belirtti.<br \/>\n<br \/>Ocak ay\u0131nda ruhsats\u0131z silah ve silah ka\u00e7ak\u00e7\u0131l\u0131\u011f\u0131na y\u00f6nelik yap\u0131lan operasyonlarda 3 tabanca, 2 kurus\u0131k\u0131 tabanca ve 11 av t\u00fcfe\u011fi olmak \u00fczere toplam 16 silah ele ge\u00e7irildi, ele ge\u00e7irilen silahlarla ilgili 23 \u015f\u00fcpheli \u015fah\u0131s hakk\u0131nda i\u015flem yap\u0131ld\u0131.<\/p>\n<p>U\u015fak\u2019ta 56 bin 167 ara\u00e7 sorguland\u0131<br \/>\n<br \/>Vali Akta\u015f, Ocak ay\u0131nda sorgulanan ara\u00e7lar hakk\u0131nda bilgi vererek, toplamda 56 bin 167 ara\u00e7 sorguland\u0131\u011f\u0131n\u0131, bu ara\u00e7lardan 8 bin 969 araca i\u015flem yap\u0131ld\u0131\u011f\u0131n\u0131 belirtti. Vali Akta\u015f, yap\u0131lan denetimler kapsam\u0131nda 223 adet ticari taksi denetimi ve 175 adet servis arac\u0131na denetim yap\u0131ld\u0131\u011f\u0131n\u0131 s\u00f6yleyerek bu kapsamda ticari taksilerde 32 araca, servis ara\u00e7lar\u0131nda ise 3 araca i\u015flem yap\u0131ld\u0131\u011f\u0131n\u0131 belirtti.<\/p>\n<p>Uyu\u015fturucu operasyonlar\u0131nda 31 ki\u015fi tutukland\u0131<br \/>\n<br \/>Uyu\u015fturucu ile m\u00fccadele \u00e7al\u0131\u015fmalar\u0131 kapsam\u0131nda \u0130mal, ticaret ve kullan\u0131c\u0131larla m\u00fccadele ba\u015fta olmak \u00fczere 2 koldan \u00e7al\u0131\u015fma y\u00fcr\u00fctt\u00fcklerini s\u00f6yleyen Vali Akta\u015f, Uyu\u015fturucu imal ve ticaret konusunda Ocak ay\u0131nda 27 operasyon yapt\u0131k. Kullan\u0131c\u0131lar ile ilgili olaylar\u0131n say\u0131s\u0131 ise 57. Bu operasyonlarda 302 gram esrar, bin 837 gram metamfetamin, 112 gram bonzai, 2 bin 106 adet sentetik ecza, 2 adet ecstasy hap yakaland\u0131. Operasyonlar neticesinde yakalanan \u015f\u00fcpheli \u015fah\u0131slardan 31 ki\u015fi tutuklan\u0131rken, 85 ki\u015fi ise adli kontrol \u015fart\u0131yla serbest b\u0131rak\u0131ld\u0131\u011f\u0131n\u0131 s\u00f6yledi.<br \/><\/p>\n","protected":false},"excerpt":{"rendered":"<p>U\u015fak Valisi Naci Akta\u015f, G\u00fcvenlik ve Asayi\u015f Bilgilendirme toplant\u0131s\u0131nda, asayi\u015f, ter\u00f6r, ka\u00e7ak\u00e7\u0131l\u0131k ve organize su\u00e7lar, g\u00f6\u00e7men ka\u00e7ak\u00e7\u0131l\u0131\u011f\u0131, siber ile trafik konular\u0131 hakk\u0131nda detayl\u0131 bilgiler verdi. U\u015fak Valisi Naci Akta\u015f, valilik binas\u0131nda d\u00fczenledi\u011fi bas\u0131n toplant\u0131s\u0131nda il genelindeki g\u00fcvenlik de\u011ferlendirme verilerini vatanda\u015flar ile payla\u015ft\u0131. \u0130l Emniyet M\u00fcd\u00fcr\u00fc Mehmet Ali Kolcu ve \u0130l Jandarma Komutan\u0131 K\u0131demli Albay Fahri&#8230;<\/p>\n","protected":false},"author":1,"featured_media":16684,"comment_status":"open","ping_status":"open","sticky":false,"template":"","format":"standard","meta":{"_crdt_document":"","footnotes":""},"categories":[5],"tags":[],"class_list":["post-16683","post","type-post","status-publish","format-standard","has-post-thumbnail","hentry","category-asayis"],"_links":{"self":[{"href":"https:\/\/www.egemtv.com\/index.php?rest_route=\/wp\/v2\/posts\/16683","targetHints":{"allow":["GET"]}}],"collection":[{"href":"https:\/\/www.egemtv.com\/index.php?rest_route=\/wp\/v2\/posts"}],"about":[{"href":"https:\/\/www.egemtv.com\/index.php?rest_route=\/wp\/v2\/types\/post"}],"author":[{"embeddable":true,"href":"https:\/\/www.egemtv.com\/index.php?rest_route=\/wp\/v2\/users\/1"}],"replies":[{"embeddable":true,"href":"https:\/\/www.egemtv.com\/index.php?rest_route=%2Fwp%2Fv2%2Fcomments&post=16683"}],"version-history":[{"count":1,"href":"https:\/\/www.egemtv.com\/index.php?rest_route=\/wp\/v2\/posts\/16683\/revisions"}],"predecessor-version":[{"id":16685,"href":"https:\/\/www.egemtv.com\/index.php?rest_route=\/wp\/v2\/posts\/16683\/revisions\/16685"}],"wp:featuredmedia":[{"embeddable":true,"href":"https:\/\/www.egemtv.com\/index.php?rest_route=\/wp\/v2\/media\/16684"}],"wp:attachment":[{"href":"https:\/\/www.egemtv.com\/index.php?rest_route=%2Fwp%2Fv2%2Fmedia&parent=16683"}],"wp:term":[{"taxonomy":"category","embeddable":true,"href":"https:\/\/www.egemtv.com\/index.php?rest_route=%2Fwp%2Fv2%2Fcategories&post=16683"},{"taxonomy":"post_tag","embeddable":true,"href":"https:\/\/www.egemtv.com\/index.php?rest_route=%2Fwp%2Fv2%2Ftags&post=16683"}],"curies":[{"name":"wp","href":"https:\/\/api.w.org\/{rel}","templated":true}]}}