{"id":16665,"date":"2025-02-07T12:48:58","date_gmt":"2025-02-07T09:48:58","guid":{"rendered":"https:\/\/www.egemtv.com\/?p=16665"},"modified":"2025-02-07T12:49:04","modified_gmt":"2025-02-07T09:49:04","slug":"ege-yildizlari-avrupa-arenasinda-slavia-prag-ile-karsilasacak","status":"publish","type":"post","link":"https:\/\/www.egemtv.com\/?p=16665","title":{"rendered":"Ege Y\u0131ld\u0131zlar\u0131, Avrupa arenas\u0131nda Slavia Prag ile kar\u015f\u0131la\u015facak"},"content":{"rendered":"<p>Mu\u011fla\u2019n\u0131n Mente\u015fe il\u00e7esini Avrupa kupalar\u0131nda temsil edecek olan Mu\u011fla Ege Y\u0131ld\u0131zlar\u0131 Spor Kul\u00fcb\u00fc Kad\u0131n Hokey Tak\u0131m\u0131, Avrupa \u015eampiyonlar Ligi\u2019ndeki ilk rakibi belli oldu. Mente\u015fe ekibi, turnuvan\u0131n ilk turunda \u00c7ekya\u2019n\u0131n g\u00fc\u00e7l\u00fc ekiplerinden Slavia Prag ile e\u015fle\u015fti.<\/p>\n<p>M\u00fccadele, 14 \u015eubat 2025 tarihinde Litvanya\u2019n\u0131n Siauliai Gymnasium Spor Salonu\u2019nda saat 09.00\u2019da oynanacak. Avrupa sahnesinde yer almaktan b\u00fcy\u00fck gurur duyduklar\u0131n\u0131 belirten Ege Y\u0131ld\u0131zlar\u0131\u2019n\u0131n ba\u015fantren\u00f6r\u00fc Serkan \u015een, &#8220;\u00dclkemizi ve Mu\u011fla\u2019m\u0131z\u0131 en iyi \u015fekilde temsil etmek istiyoruz. Zorlu bir rakiple kar\u015f\u0131la\u015faca\u011f\u0131z ancak hedefimiz g\u00fczel bir sonu\u00e7la d\u00f6nmek&#8221; dedi.<br \/>\n<br \/>Mu\u011fla Ege Y\u0131ld\u0131zlar\u0131, Avrupa \u015eampiyonlar Ligi\u2019ndeki bu \u00f6nemli ma\u00e7ta ba\u015far\u0131 hedeflerken, Mu\u011flal\u0131 sporseverler de temsilcilerine b\u00fcy\u00fck destek veriyor.<br \/><\/p>\n","protected":false},"excerpt":{"rendered":"<p>Mu\u011fla\u2019n\u0131n Mente\u015fe il\u00e7esini Avrupa kupalar\u0131nda temsil edecek olan Mu\u011fla Ege Y\u0131ld\u0131zlar\u0131 Spor Kul\u00fcb\u00fc Kad\u0131n Hokey Tak\u0131m\u0131, Avrupa \u015eampiyonlar Ligi\u2019ndeki ilk rakibi belli oldu. Mente\u015fe ekibi, turnuvan\u0131n ilk turunda \u00c7ekya\u2019n\u0131n g\u00fc\u00e7l\u00fc ekiplerinden Slavia Prag ile e\u015fle\u015fti. M\u00fccadele, 14 \u015eubat 2025 tarihinde Litvanya\u2019n\u0131n Siauliai Gymnasium Spor Salonu\u2019nda saat 09.00\u2019da oynanacak. Avrupa sahnesinde yer almaktan b\u00fcy\u00fck gurur duyduklar\u0131n\u0131&#8230;<\/p>\n","protected":false},"author":1,"featured_media":16666,"comment_status":"open","ping_status":"open","sticky":false,"template":"","format":"standard","meta":{"_crdt_document":"","footnotes":""},"categories":[4],"tags":[],"class_list":["post-16665","post","type-post","status-publish","format-standard","has-post-thumbnail","hentry","category-spor"],"_links":{"self":[{"href":"https:\/\/www.egemtv.com\/index.php?rest_route=\/wp\/v2\/posts\/16665","targetHints":{"allow":["GET"]}}],"collection":[{"href":"https:\/\/www.egemtv.com\/index.php?rest_route=\/wp\/v2\/posts"}],"about":[{"href":"https:\/\/www.egemtv.com\/index.php?rest_route=\/wp\/v2\/types\/post"}],"author":[{"embeddable":true,"href":"https:\/\/www.egemtv.com\/index.php?rest_route=\/wp\/v2\/users\/1"}],"replies":[{"embeddable":true,"href":"https:\/\/www.egemtv.com\/index.php?rest_route=%2Fwp%2Fv2%2Fcomments&post=16665"}],"version-history":[{"count":1,"href":"https:\/\/www.egemtv.com\/index.php?rest_route=\/wp\/v2\/posts\/16665\/revisions"}],"predecessor-version":[{"id":16667,"href":"https:\/\/www.egemtv.com\/index.php?rest_route=\/wp\/v2\/posts\/16665\/revisions\/16667"}],"wp:featuredmedia":[{"embeddable":true,"href":"https:\/\/www.egemtv.com\/index.php?rest_route=\/wp\/v2\/media\/16666"}],"wp:attachment":[{"href":"https:\/\/www.egemtv.com\/index.php?rest_route=%2Fwp%2Fv2%2Fmedia&parent=16665"}],"wp:term":[{"taxonomy":"category","embeddable":true,"href":"https:\/\/www.egemtv.com\/index.php?rest_route=%2Fwp%2Fv2%2Fcategories&post=16665"},{"taxonomy":"post_tag","embeddable":true,"href":"https:\/\/www.egemtv.com\/index.php?rest_route=%2Fwp%2Fv2%2Ftags&post=16665"}],"curies":[{"name":"wp","href":"https:\/\/api.w.org\/{rel}","templated":true}]}}