{"id":16662,"date":"2025-02-07T12:30:52","date_gmt":"2025-02-07T09:30:52","guid":{"rendered":"https:\/\/www.egemtv.com\/?p=16662"},"modified":"2025-02-07T12:30:59","modified_gmt":"2025-02-07T09:30:59","slug":"baskan-ozel-vize-istasyonu-projesini-hayata-geciriyor","status":"publish","type":"post","link":"https:\/\/www.egemtv.com\/?p=16662","title":{"rendered":"Ba\u015fkan \u00d6zel, Vize \u0130stasyonu projesini hayata ge\u00e7iriyor"},"content":{"rendered":"<p>Bozdo\u011fan Belediye Ba\u015fkan\u0131 Mustafa Galip \u00d6zel\u2019in se\u00e7im d\u00f6neminde s\u00f6z verdi\u011fi ara\u00e7 vize istasyonu projesi, Bozdo\u011fan halk\u0131n\u0131n hizmetine sunuluyor.<\/p>\n<p>Bu \u00f6nemli proje sayesinde, il\u00e7edeki ara\u00e7 sahipleri art\u0131k vize i\u015flemleri i\u00e7in ba\u015fka il\u00e7elere gitmek zorunda kalmayacak. Bozdo\u011fan Belediyesi, halk\u0131n hayat\u0131n\u0131 kolayla\u015ft\u0131ran projelerle hizmette fark olu\u015fturmaya devam ediyor.<br \/>\n<br \/>Bozdo\u011fan\u2019a kazand\u0131r\u0131lan ara\u00e7 vize istasyonu, yaln\u0131zca ara\u00e7 sahiplerinin i\u015flerini kolayla\u015ft\u0131rmakla kalmayacak, ayn\u0131 zamanda il\u00e7e esnaf\u0131na da b\u00fcy\u00fck katk\u0131 sa\u011flayacak. Daha \u00f6nce vize i\u015flemleri i\u00e7in \u00e7evre il\u00e7elere gitmek zorunda kalan ara\u00e7 sahipleri, art\u0131k bu hizmeti Bozdo\u011fan\u2019da alabilecek. Bu sayede oto tamirciler, lastik\u00e7iler, lokantalar ve di\u011fer esnaflar ekonomik olarak g\u00fc\u00e7lenecek.<\/p>\n<p>Belediyenin \u00f6nc\u00fcl\u00fc\u011f\u00fcnde hayata ge\u00e7irilen proje kapsam\u0131nda, \u00f6ncelikle ayda iki kez ara\u00e7 vizesi hizmeti sunulacak. Bozdo\u011fanl\u0131lar i\u00e7in zaman ve maliyet tasarrufu sa\u011flayan bu hizmet, ayn\u0131 zamanda il\u00e7eye gelen ara\u00e7 sahiplerinin Bozdo\u011fan\u2019da vakit ge\u00e7irerek esnafa kazan\u00e7 sa\u011flamas\u0131na da imkan tan\u0131yacak.<\/p>\n<p>Belediye Ba\u015fkan\u0131 Galip \u00d6zel, yapt\u0131\u011f\u0131 a\u00e7\u0131klamada Bozdo\u011fan\u2019\u0131n her anlamda geli\u015fmesi i\u00e7in \u00e7al\u0131\u015ft\u0131klar\u0131n\u0131 vurgulayarak, \u015fu ifadeleri kulland\u0131: &#8220;Se\u00e7im d\u00f6neminde halk\u0131m\u0131za bir s\u00f6z verdik: Bozdo\u011fan\u2019\u0131 hak etti\u011fi hizmetlerle bulu\u015fturaca\u011f\u0131z dedik. \u0130l\u00e7emizin kalk\u0131nmas\u0131, esnaf\u0131m\u0131z\u0131n g\u00fc\u00e7lenmesi i\u00e7in \u00e7al\u0131\u015fmalar\u0131m\u0131za aral\u0131ks\u0131z devam edece\u011fiz. Bozdo\u011fanl\u0131lar art\u0131k vize i\u015flemleri i\u00e7in ba\u015fka il\u00e7elere gitmeyecek, hizmeti kendi il\u00e7elerinde alacak. Bozdo\u011fan kazanacak, esnaf\u0131m\u0131z b\u00fcy\u00fcyecek&#8221;<br \/><\/p>\n","protected":false},"excerpt":{"rendered":"<p>Bozdo\u011fan Belediye Ba\u015fkan\u0131 Mustafa Galip \u00d6zel\u2019in se\u00e7im d\u00f6neminde s\u00f6z verdi\u011fi ara\u00e7 vize istasyonu projesi, Bozdo\u011fan halk\u0131n\u0131n hizmetine sunuluyor. Bu \u00f6nemli proje sayesinde, il\u00e7edeki ara\u00e7 sahipleri art\u0131k vize i\u015flemleri i\u00e7in ba\u015fka il\u00e7elere gitmek zorunda kalmayacak. Bozdo\u011fan Belediyesi, halk\u0131n hayat\u0131n\u0131 kolayla\u015ft\u0131ran projelerle hizmette fark olu\u015fturmaya devam ediyor. Bozdo\u011fan\u2019a kazand\u0131r\u0131lan ara\u00e7 vize istasyonu, yaln\u0131zca ara\u00e7 sahiplerinin i\u015flerini kolayla\u015ft\u0131rmakla&#8230;<\/p>\n","protected":false},"author":1,"featured_media":16663,"comment_status":"open","ping_status":"open","sticky":false,"template":"","format":"standard","meta":{"_crdt_document":"","footnotes":""},"categories":[1],"tags":[],"class_list":["post-16662","post","type-post","status-publish","format-standard","has-post-thumbnail","hentry","category-guncel"],"_links":{"self":[{"href":"https:\/\/www.egemtv.com\/index.php?rest_route=\/wp\/v2\/posts\/16662","targetHints":{"allow":["GET"]}}],"collection":[{"href":"https:\/\/www.egemtv.com\/index.php?rest_route=\/wp\/v2\/posts"}],"about":[{"href":"https:\/\/www.egemtv.com\/index.php?rest_route=\/wp\/v2\/types\/post"}],"author":[{"embeddable":true,"href":"https:\/\/www.egemtv.com\/index.php?rest_route=\/wp\/v2\/users\/1"}],"replies":[{"embeddable":true,"href":"https:\/\/www.egemtv.com\/index.php?rest_route=%2Fwp%2Fv2%2Fcomments&post=16662"}],"version-history":[{"count":1,"href":"https:\/\/www.egemtv.com\/index.php?rest_route=\/wp\/v2\/posts\/16662\/revisions"}],"predecessor-version":[{"id":16664,"href":"https:\/\/www.egemtv.com\/index.php?rest_route=\/wp\/v2\/posts\/16662\/revisions\/16664"}],"wp:featuredmedia":[{"embeddable":true,"href":"https:\/\/www.egemtv.com\/index.php?rest_route=\/wp\/v2\/media\/16663"}],"wp:attachment":[{"href":"https:\/\/www.egemtv.com\/index.php?rest_route=%2Fwp%2Fv2%2Fmedia&parent=16662"}],"wp:term":[{"taxonomy":"category","embeddable":true,"href":"https:\/\/www.egemtv.com\/index.php?rest_route=%2Fwp%2Fv2%2Fcategories&post=16662"},{"taxonomy":"post_tag","embeddable":true,"href":"https:\/\/www.egemtv.com\/index.php?rest_route=%2Fwp%2Fv2%2Ftags&post=16662"}],"curies":[{"name":"wp","href":"https:\/\/api.w.org\/{rel}","templated":true}]}}