{"id":16657,"date":"2025-02-07T12:27:25","date_gmt":"2025-02-07T09:27:25","guid":{"rendered":"https:\/\/www.egemtv.com\/?p=16657"},"modified":"2025-02-07T12:27:30","modified_gmt":"2025-02-07T09:27:30","slug":"okullar-aksamlari-da-guven-icinde-2","status":"publish","type":"post","link":"https:\/\/www.egemtv.com\/?p=16657","title":{"rendered":"Okullar ak\u015famlar\u0131 da g\u00fcven i\u00e7inde"},"content":{"rendered":"<p>Manisa \u0130l Emniyet M\u00fcd\u00fcrl\u00fc\u011f\u00fc \u00e7ar\u015f\u0131 ve mahalle bek\u00e7ileri taraf\u0131ndan il merkezindeki \u015eehzadeler ve Yunusemre il\u00e7elerinde 46 okul ve \u00e7evresi kontrol edilirken herhangi bir olumsuzlu\u011fa rastlanmad\u0131\u011f\u0131 a\u00e7\u0131kland\u0131.<br \/>\n<br \/>Manisa\u2019da g\u00fcnd\u00fcz emniyet g\u00fc\u00e7leri taraf\u0131ndan okul \u00e7evrelerinde al\u0131nan g\u00fcvenlik tedbirlerini ak\u015famlar\u0131 da gece bek\u00e7ileri sa\u011fl\u0131yor. Manisa \u0130l Emniyet M\u00fcd\u00fcrl\u00fc\u011f\u00fc \u00e7ar\u015f\u0131 ve mahalle bek\u00e7ilerince ak\u015fam 22.00 &#8211; 06.00 saatleri aras\u0131nda \u015eehzadeler ve Yunusemre il\u00e7elerinde; 46 okul ve \u00e7evresi kontrol edildi. Kontrollerde 32 \u015fah\u0131s incelenirken, ilgisiz \u015fah\u0131slar\u0131n okul \u00e7evrelerinden uzakla\u015ft\u0131r\u0131ld\u0131\u011f\u0131n\u0131 ve yap\u0131lan kontrollerde herhangi bir olumsuzlu\u011fa rastlan\u0131lmad\u0131\u011f\u0131 a\u00e7\u0131kland\u0131. Emniyetten yap\u0131lan a\u00e7\u0131klamada okullar\u0131n g\u00fcvenli\u011fi i\u00e7in gece ve g\u00fcnd\u00fcz kontrollerin devam edece\u011fi, \u00f6\u011frencilerin g\u00fcvenli bir \u015fekilde e\u011fitim-\u00f6\u011fretim hayatlar\u0131na devam etmeleri i\u00e7in her t\u00fcrl\u00fc tedbirin al\u0131nmaya devam edece\u011fi bildirildi.<br \/><\/p>\n","protected":false},"excerpt":{"rendered":"<p>Manisa \u0130l Emniyet M\u00fcd\u00fcrl\u00fc\u011f\u00fc \u00e7ar\u015f\u0131 ve mahalle bek\u00e7ileri taraf\u0131ndan il merkezindeki \u015eehzadeler ve Yunusemre il\u00e7elerinde 46 okul ve \u00e7evresi kontrol edilirken herhangi bir olumsuzlu\u011fa rastlanmad\u0131\u011f\u0131 a\u00e7\u0131kland\u0131. Manisa\u2019da g\u00fcnd\u00fcz emniyet g\u00fc\u00e7leri taraf\u0131ndan okul \u00e7evrelerinde al\u0131nan g\u00fcvenlik tedbirlerini ak\u015famlar\u0131 da gece bek\u00e7ileri sa\u011fl\u0131yor. Manisa \u0130l Emniyet M\u00fcd\u00fcrl\u00fc\u011f\u00fc \u00e7ar\u015f\u0131 ve mahalle bek\u00e7ilerince ak\u015fam 22.00 &#8211; 06.00 saatleri aras\u0131nda&#8230;<\/p>\n","protected":false},"author":1,"featured_media":16659,"comment_status":"open","ping_status":"open","sticky":false,"template":"","format":"standard","meta":{"_crdt_document":"","footnotes":""},"categories":[5],"tags":[],"class_list":["post-16657","post","type-post","status-publish","format-standard","has-post-thumbnail","hentry","category-asayis"],"_links":{"self":[{"href":"https:\/\/www.egemtv.com\/index.php?rest_route=\/wp\/v2\/posts\/16657","targetHints":{"allow":["GET"]}}],"collection":[{"href":"https:\/\/www.egemtv.com\/index.php?rest_route=\/wp\/v2\/posts"}],"about":[{"href":"https:\/\/www.egemtv.com\/index.php?rest_route=\/wp\/v2\/types\/post"}],"author":[{"embeddable":true,"href":"https:\/\/www.egemtv.com\/index.php?rest_route=\/wp\/v2\/users\/1"}],"replies":[{"embeddable":true,"href":"https:\/\/www.egemtv.com\/index.php?rest_route=%2Fwp%2Fv2%2Fcomments&post=16657"}],"version-history":[{"count":1,"href":"https:\/\/www.egemtv.com\/index.php?rest_route=\/wp\/v2\/posts\/16657\/revisions"}],"predecessor-version":[{"id":16661,"href":"https:\/\/www.egemtv.com\/index.php?rest_route=\/wp\/v2\/posts\/16657\/revisions\/16661"}],"wp:featuredmedia":[{"embeddable":true,"href":"https:\/\/www.egemtv.com\/index.php?rest_route=\/wp\/v2\/media\/16659"}],"wp:attachment":[{"href":"https:\/\/www.egemtv.com\/index.php?rest_route=%2Fwp%2Fv2%2Fmedia&parent=16657"}],"wp:term":[{"taxonomy":"category","embeddable":true,"href":"https:\/\/www.egemtv.com\/index.php?rest_route=%2Fwp%2Fv2%2Fcategories&post=16657"},{"taxonomy":"post_tag","embeddable":true,"href":"https:\/\/www.egemtv.com\/index.php?rest_route=%2Fwp%2Fv2%2Ftags&post=16657"}],"curies":[{"name":"wp","href":"https:\/\/api.w.org\/{rel}","templated":true}]}}