{"id":16650,"date":"2025-02-07T12:12:42","date_gmt":"2025-02-07T09:12:42","guid":{"rendered":"https:\/\/www.egemtv.com\/?p=16650"},"modified":"2025-02-07T12:12:48","modified_gmt":"2025-02-07T09:12:48","slug":"badminton-gencler-grup-sampiyonasi-heyecani-denizlide-yasandi","status":"publish","type":"post","link":"https:\/\/www.egemtv.com\/?p=16650","title":{"rendered":"Badminton gen\u00e7ler grup \u015fampiyonas\u0131 heyecan\u0131 Denizli\u2019de ya\u015fand\u0131"},"content":{"rendered":"<p>Okul Sporlar\u0131 Badminton Gen\u00e7ler Grup \u015eampiyonas\u0131,  Denizli\u2019nin ev sahipli\u011finde ger\u00e7ekle\u015fti. Hasan G\u00fcng\u00f6r Spor Salonu\u2019nda, 154 sporcunun m\u00fccadele etti\u011fi \u015fampiyona sonunda dereceye giren tak\u0131mlara \u00f6d\u00fclleri takdim edildi.<\/p>\n<p>Gen\u00e7lik ve Spor Bakanl\u0131\u011f\u0131 koordinesinde d\u00fczenlenen Okul Sporlar\u0131 Yar\u0131\u015fmalar\u0131 farkl\u0131 Bran\u015flarda devam ediyor. 04-06 \u015eubat 2025 tarihleri aras\u0131nda Denizli, Badminton Gen\u00e7ler Grup \u015eampiyonas\u0131\u2019na ev sahipli\u011fi yapt\u0131. Hasan G\u00fcng\u00f6r Spor Salonu\u2019nda, 12 ilden 29 tak\u0131m ve toplamda 154 sporcunun k\u0131yas\u0131ya m\u00fccadele etti\u011fi turnuva b\u00fcy\u00fck bir heyecana sahne oldu. \u00dc\u00e7 g\u00fcn s\u00fcren kar\u015f\u0131la\u015fmalar sonunda dereceye giren sporculara madalyalar\u0131 takdim edildi.<\/p>\n<p>Denizli Gen\u00e7lik ve Spor \u0130l M\u00fcd\u00fcrl\u00fc\u011f\u00fc taraf\u0131ndan organize edilen turnuvada, T\u00fcrkiye \u015eampiyonas\u0131\u2019na kat\u0131lacak tak\u0131mlar da belirlendi. Erkekler kategorisinde birinci \u0130zmir Yusuf Kemalettin Perin Fen Lisesi, ikinci ise Burdur MTAL oldu. K\u0131zlar kategorisinde ise birinci Ayd\u0131n \u0130ncirliova Spor Lisesi, ikinci Mersin Nurettin Top\u00e7u Anadolu Lisesi oldu. \u015eampiyon olan tak\u0131mlara madalyalar\u0131 Gen\u00e7lik ve Spor \u0130l M\u00fcd\u00fcrl\u00fc\u011f\u00fc Okul Sporlar\u0131 \u015eube M\u00fcd\u00fcr\u00fc Erdem Ayd\u0131n taraf\u0131ndan takdim edildi. \u015eampiyon olan tak\u0131mlar, 24-27 \u015eubat 2025 tarihlerinde Ankara\u2019da ger\u00e7ekle\u015ftirilecek T\u00fcrkiye \u015eampiyonas\u0131\u2019nda illerini temsil etme hakk\u0131 kazand\u0131.<br \/><\/p>\n","protected":false},"excerpt":{"rendered":"<p>Okul Sporlar\u0131 Badminton Gen\u00e7ler Grup \u015eampiyonas\u0131, Denizli\u2019nin ev sahipli\u011finde ger\u00e7ekle\u015fti. Hasan G\u00fcng\u00f6r Spor Salonu\u2019nda, 154 sporcunun m\u00fccadele etti\u011fi \u015fampiyona sonunda dereceye giren tak\u0131mlara \u00f6d\u00fclleri takdim edildi. Gen\u00e7lik ve Spor Bakanl\u0131\u011f\u0131 koordinesinde d\u00fczenlenen Okul Sporlar\u0131 Yar\u0131\u015fmalar\u0131 farkl\u0131 Bran\u015flarda devam ediyor. 04-06 \u015eubat 2025 tarihleri aras\u0131nda Denizli, Badminton Gen\u00e7ler Grup \u015eampiyonas\u0131\u2019na ev sahipli\u011fi yapt\u0131. Hasan G\u00fcng\u00f6r Spor&#8230;<\/p>\n","protected":false},"author":1,"featured_media":16651,"comment_status":"open","ping_status":"open","sticky":false,"template":"","format":"standard","meta":{"_crdt_document":"","footnotes":""},"categories":[4],"tags":[],"class_list":["post-16650","post","type-post","status-publish","format-standard","has-post-thumbnail","hentry","category-spor"],"_links":{"self":[{"href":"https:\/\/www.egemtv.com\/index.php?rest_route=\/wp\/v2\/posts\/16650","targetHints":{"allow":["GET"]}}],"collection":[{"href":"https:\/\/www.egemtv.com\/index.php?rest_route=\/wp\/v2\/posts"}],"about":[{"href":"https:\/\/www.egemtv.com\/index.php?rest_route=\/wp\/v2\/types\/post"}],"author":[{"embeddable":true,"href":"https:\/\/www.egemtv.com\/index.php?rest_route=\/wp\/v2\/users\/1"}],"replies":[{"embeddable":true,"href":"https:\/\/www.egemtv.com\/index.php?rest_route=%2Fwp%2Fv2%2Fcomments&post=16650"}],"version-history":[{"count":1,"href":"https:\/\/www.egemtv.com\/index.php?rest_route=\/wp\/v2\/posts\/16650\/revisions"}],"predecessor-version":[{"id":16652,"href":"https:\/\/www.egemtv.com\/index.php?rest_route=\/wp\/v2\/posts\/16650\/revisions\/16652"}],"wp:featuredmedia":[{"embeddable":true,"href":"https:\/\/www.egemtv.com\/index.php?rest_route=\/wp\/v2\/media\/16651"}],"wp:attachment":[{"href":"https:\/\/www.egemtv.com\/index.php?rest_route=%2Fwp%2Fv2%2Fmedia&parent=16650"}],"wp:term":[{"taxonomy":"category","embeddable":true,"href":"https:\/\/www.egemtv.com\/index.php?rest_route=%2Fwp%2Fv2%2Fcategories&post=16650"},{"taxonomy":"post_tag","embeddable":true,"href":"https:\/\/www.egemtv.com\/index.php?rest_route=%2Fwp%2Fv2%2Ftags&post=16650"}],"curies":[{"name":"wp","href":"https:\/\/api.w.org\/{rel}","templated":true}]}}