{"id":16647,"date":"2025-02-07T12:12:37","date_gmt":"2025-02-07T09:12:37","guid":{"rendered":"https:\/\/www.egemtv.com\/?p=16647"},"modified":"2025-02-07T12:12:42","modified_gmt":"2025-02-07T09:12:42","slug":"deskiden-2-bin-650-metre-uzunlugunda-yeni-icme-suyu-hatti-projesi","status":"publish","type":"post","link":"https:\/\/www.egemtv.com\/?p=16647","title":{"rendered":"DESK\u0130\u2019den 2 bin 650 metre uzunlu\u011funda yeni i\u00e7me suyu hatt\u0131 projesi"},"content":{"rendered":"<p>Denizli Su ve Kanalizasyon \u0130daresi (DESK\u0130), bir s\u00fcre \u00f6nce Honaz G\u00fcrleyik TOK\u0130 Konutlar\u0131 i\u00e7in ba\u015flatt\u0131\u011f\u0131 2 bin 650 metre uzunlu\u011fundaki yeni i\u00e7me suyu iletim hatt\u0131 projesini tamamlad\u0131. Proje kapsam\u0131nda Kakl\u0131k Mahallesindeki i\u00e7me suyu sondaj kuyusu da devreye al\u0131nd\u0131.<\/p>\n<p>Denizli Su ve Kanalizasyon \u0130daresi (DESK\u0130) Genel M\u00fcd\u00fcrl\u00fc\u011f\u00fc, Honaz il\u00e7esi G\u00fcrleyik Mahallesi\u2019nde in\u015fa edilen TOK\u0130 konutlar\u0131 i\u00e7in i\u00e7me suyu temini projesini tamamlad\u0131. Proje kapsam\u0131nda Kakl\u0131k Mahallesi i\u00e7me suyu \u015febekesinden beslenecek olan sisteme, takviye ama\u00e7l\u0131 bir s\u00fcre \u00f6nce a\u00e7\u0131lan i\u00e7me suyu sondaj kuyusu ve 2 bin 650 metre uzunlu\u011funda, 355 mm \u00e7ap\u0131nda i\u00e7me suyu iletim hatt\u0131 d\u00f6\u015fendi. Bu sayede hem Kakl\u0131k Mahallesi\u2019nde i\u00e7me suyu s\u0131k\u0131nt\u0131s\u0131 ya\u015fanmamas\u0131, hem de TOK\u0130 konutlar\u0131na su temini sa\u011flanm\u0131\u015f oldu. Hayata ge\u00e7irilen projeyle, ya\u015fanmas\u0131 muhtemel su s\u0131k\u0131nt\u0131s\u0131na kar\u015f\u0131 tedbir al\u0131narak \u00e7al\u0131\u015fmalar ba\u015far\u0131yla tamamland\u0131. Yap\u0131lan bu \u00e7al\u0131\u015fma ile vatanda\u015flar art\u0131k daha sa\u011fl\u0131kl\u0131 ve kesintisiz suya eri\u015fim sa\u011fl\u0131yor.<br \/><\/p>\n","protected":false},"excerpt":{"rendered":"<p>Denizli Su ve Kanalizasyon \u0130daresi (DESK\u0130), bir s\u00fcre \u00f6nce Honaz G\u00fcrleyik TOK\u0130 Konutlar\u0131 i\u00e7in ba\u015flatt\u0131\u011f\u0131 2 bin 650 metre uzunlu\u011fundaki yeni i\u00e7me suyu iletim hatt\u0131 projesini tamamlad\u0131. Proje kapsam\u0131nda Kakl\u0131k Mahallesindeki i\u00e7me suyu sondaj kuyusu da devreye al\u0131nd\u0131. Denizli Su ve Kanalizasyon \u0130daresi (DESK\u0130) Genel M\u00fcd\u00fcrl\u00fc\u011f\u00fc, Honaz il\u00e7esi G\u00fcrleyik Mahallesi\u2019nde in\u015fa edilen TOK\u0130 konutlar\u0131 i\u00e7in&#8230;<\/p>\n","protected":false},"author":1,"featured_media":16648,"comment_status":"open","ping_status":"open","sticky":false,"template":"","format":"standard","meta":{"_crdt_document":"","footnotes":""},"categories":[1],"tags":[],"class_list":["post-16647","post","type-post","status-publish","format-standard","has-post-thumbnail","hentry","category-guncel"],"_links":{"self":[{"href":"https:\/\/www.egemtv.com\/index.php?rest_route=\/wp\/v2\/posts\/16647","targetHints":{"allow":["GET"]}}],"collection":[{"href":"https:\/\/www.egemtv.com\/index.php?rest_route=\/wp\/v2\/posts"}],"about":[{"href":"https:\/\/www.egemtv.com\/index.php?rest_route=\/wp\/v2\/types\/post"}],"author":[{"embeddable":true,"href":"https:\/\/www.egemtv.com\/index.php?rest_route=\/wp\/v2\/users\/1"}],"replies":[{"embeddable":true,"href":"https:\/\/www.egemtv.com\/index.php?rest_route=%2Fwp%2Fv2%2Fcomments&post=16647"}],"version-history":[{"count":1,"href":"https:\/\/www.egemtv.com\/index.php?rest_route=\/wp\/v2\/posts\/16647\/revisions"}],"predecessor-version":[{"id":16649,"href":"https:\/\/www.egemtv.com\/index.php?rest_route=\/wp\/v2\/posts\/16647\/revisions\/16649"}],"wp:featuredmedia":[{"embeddable":true,"href":"https:\/\/www.egemtv.com\/index.php?rest_route=\/wp\/v2\/media\/16648"}],"wp:attachment":[{"href":"https:\/\/www.egemtv.com\/index.php?rest_route=%2Fwp%2Fv2%2Fmedia&parent=16647"}],"wp:term":[{"taxonomy":"category","embeddable":true,"href":"https:\/\/www.egemtv.com\/index.php?rest_route=%2Fwp%2Fv2%2Fcategories&post=16647"},{"taxonomy":"post_tag","embeddable":true,"href":"https:\/\/www.egemtv.com\/index.php?rest_route=%2Fwp%2Fv2%2Ftags&post=16647"}],"curies":[{"name":"wp","href":"https:\/\/api.w.org\/{rel}","templated":true}]}}