{"id":16644,"date":"2025-02-07T12:04:48","date_gmt":"2025-02-07T09:04:48","guid":{"rendered":"https:\/\/www.egemtv.com\/?p=16644"},"modified":"2025-02-07T12:04:52","modified_gmt":"2025-02-07T09:04:52","slug":"afet-bilinclendirme-semineri","status":"publish","type":"post","link":"https:\/\/www.egemtv.com\/?p=16644","title":{"rendered":"Afet bilin\u00e7lendirme semineri"},"content":{"rendered":"<p>Park Afyon Al\u0131\u015fveri\u015f Merkezi, 6 \u015eubat Kahramanmara\u015f Depremi\u2019nin ikinci y\u0131l\u0131nda, ziyaret\u00e7ilerine afet fark\u0131ndal\u0131\u011f\u0131 kazand\u0131rmak i\u00e7in AKUT Afyon ekibi g\u00f6n\u00fcll\u00fcleri taraf\u0131ndan d\u00fczenlenen seminere ev sahipli\u011fi yapt\u0131.<br \/>\n<br \/>Ak\u015fam saatlerinde ger\u00e7ekle\u015ftirilen seminerde, uzman konu\u015fmac\u0131lar e\u015fli\u011finde afetlere kar\u015f\u0131 al\u0131nmas\u0131 gereken \u00f6nlemler ve yap\u0131lmas\u0131 gereken haz\u0131rl\u0131klar ele al\u0131nd\u0131. Seminerde ziyaret\u00e7ilere, deprem, sel, yang\u0131n gibi do\u011fal afetlerin \u00f6ncesi, s\u0131ras\u0131 ve sonras\u0131ndaki do\u011fru davran\u0131\u015f bi\u00e7imleri, ilk yard\u0131m bilgileri, afet an\u0131nda g\u00fcvenli hareket etme stratejileri ve afet sonras\u0131nda yap\u0131lmas\u0131 gerekenler ile afet haz\u0131rl\u0131k kitlerinin olu\u015fturulmas\u0131, ev ve i\u015fyerlerinde al\u0131nmas\u0131 gereken g\u00fcvenlik tedbirleri gibi konularda bilgilendirildi.<br \/><\/p>\n","protected":false},"excerpt":{"rendered":"<p>Park Afyon Al\u0131\u015fveri\u015f Merkezi, 6 \u015eubat Kahramanmara\u015f Depremi\u2019nin ikinci y\u0131l\u0131nda, ziyaret\u00e7ilerine afet fark\u0131ndal\u0131\u011f\u0131 kazand\u0131rmak i\u00e7in AKUT Afyon ekibi g\u00f6n\u00fcll\u00fcleri taraf\u0131ndan d\u00fczenlenen seminere ev sahipli\u011fi yapt\u0131. Ak\u015fam saatlerinde ger\u00e7ekle\u015ftirilen seminerde, uzman konu\u015fmac\u0131lar e\u015fli\u011finde afetlere kar\u015f\u0131 al\u0131nmas\u0131 gereken \u00f6nlemler ve yap\u0131lmas\u0131 gereken haz\u0131rl\u0131klar ele al\u0131nd\u0131. Seminerde ziyaret\u00e7ilere, deprem, sel, yang\u0131n gibi do\u011fal afetlerin \u00f6ncesi, s\u0131ras\u0131 ve sonras\u0131ndaki&#8230;<\/p>\n","protected":false},"author":1,"featured_media":16645,"comment_status":"open","ping_status":"open","sticky":false,"template":"","format":"standard","meta":{"_crdt_document":"","footnotes":""},"categories":[1],"tags":[],"class_list":["post-16644","post","type-post","status-publish","format-standard","has-post-thumbnail","hentry","category-guncel"],"_links":{"self":[{"href":"https:\/\/www.egemtv.com\/index.php?rest_route=\/wp\/v2\/posts\/16644","targetHints":{"allow":["GET"]}}],"collection":[{"href":"https:\/\/www.egemtv.com\/index.php?rest_route=\/wp\/v2\/posts"}],"about":[{"href":"https:\/\/www.egemtv.com\/index.php?rest_route=\/wp\/v2\/types\/post"}],"author":[{"embeddable":true,"href":"https:\/\/www.egemtv.com\/index.php?rest_route=\/wp\/v2\/users\/1"}],"replies":[{"embeddable":true,"href":"https:\/\/www.egemtv.com\/index.php?rest_route=%2Fwp%2Fv2%2Fcomments&post=16644"}],"version-history":[{"count":1,"href":"https:\/\/www.egemtv.com\/index.php?rest_route=\/wp\/v2\/posts\/16644\/revisions"}],"predecessor-version":[{"id":16646,"href":"https:\/\/www.egemtv.com\/index.php?rest_route=\/wp\/v2\/posts\/16644\/revisions\/16646"}],"wp:featuredmedia":[{"embeddable":true,"href":"https:\/\/www.egemtv.com\/index.php?rest_route=\/wp\/v2\/media\/16645"}],"wp:attachment":[{"href":"https:\/\/www.egemtv.com\/index.php?rest_route=%2Fwp%2Fv2%2Fmedia&parent=16644"}],"wp:term":[{"taxonomy":"category","embeddable":true,"href":"https:\/\/www.egemtv.com\/index.php?rest_route=%2Fwp%2Fv2%2Fcategories&post=16644"},{"taxonomy":"post_tag","embeddable":true,"href":"https:\/\/www.egemtv.com\/index.php?rest_route=%2Fwp%2Fv2%2Ftags&post=16644"}],"curies":[{"name":"wp","href":"https:\/\/api.w.org\/{rel}","templated":true}]}}