{"id":16473,"date":"2025-02-07T09:49:54","date_gmt":"2025-02-07T06:49:54","guid":{"rendered":"https:\/\/www.egemtv.com\/?p=16473"},"modified":"2025-02-07T09:49:59","modified_gmt":"2025-02-07T06:49:59","slug":"aydinda-en-fazla-izmirliler-oturuyor","status":"publish","type":"post","link":"https:\/\/www.egemtv.com\/?p=16473","title":{"rendered":"Ayd\u0131n\u2019da en fazla \u0130zmirliler oturuyor"},"content":{"rendered":"<p>Ayd\u0131n\u2019da di\u011fer illerin n\u00fcfusuna kay\u0131tl\u0131 ikamet edenlerin say\u0131s\u0131 belli olurken, il genelinde 27 bin 584 ki\u015fi ile en fazla \u0130zmirliler ikamet ediyor.<\/p>\n<p>T\u00fcrkiye \u0130statistik Kurumu (T\u00dc\u0130K) 2024 y\u0131l\u0131, Adrese Dayal\u0131 N\u00fcfus Kay\u0131t Sistemi Sonu\u00e7lar\u0131\u2019n\u0131 yay\u0131mlad\u0131. Yay\u0131nlanan verilere g\u00f6re 689 bin 370 Ayd\u0131nl\u0131n\u0131n ya\u015fad\u0131\u011f\u0131 Ayd\u0131n\u2019da en fazla \u0130zmirli vatanda\u015flar ikamet ediyor. Di\u011fer illerin n\u00fcfusuna kay\u0131tl\u0131 ikamet edenlerin say\u0131lar\u0131na bak\u0131ld\u0131\u011f\u0131nda il genelinde 27 bin 584 ki\u015fi ile \u0130zmirli, 26 bin 298 ki\u015fi ile A\u011fr\u0131l\u0131, 23 bin 766 ki\u015fi ile Denizlililer ya\u015f\u0131yor. En az ikamet say\u0131lar\u0131na bak\u0131ld\u0131\u011f\u0131nda ise 272 ki\u015fi ile Yaloval\u0131, 464 ki\u015fi ile Hakkarili ve 578 ki\u015fi ile Bart\u0131nl\u0131 vatanda\u015flar Ayd\u0131n\u2019da ya\u015f\u0131yor.<br \/>\n<br \/>Ayd\u0131n n\u00fcfusuna kay\u0131tl\u0131 olup ba\u015fka illerde ikamet eden n\u00fcfus incelendi\u011finde en \u00e7ok Ayd\u0131nl\u0131n\u0131n ya\u015fad\u0131\u011f\u0131 il 94 bin 30 ki\u015fi ile \u0130zmir oldu. \u0130zmir\u2019i s\u0131ras\u0131yla 31 bin 642 ki\u015fi ile \u0130stanbul, 30 bin 823 ki\u015fi ile Mu\u011fla izledi. Ayd\u0131nl\u0131lar\u0131n en az bulundu\u011fu iller ise s\u0131ras\u0131yla 68 ki\u015fi ile Bayburt, 70 ki\u015fi ile Kilis ve 95 ki\u015fi ile Ardahan oldu.<br \/><\/p>\n","protected":false},"excerpt":{"rendered":"<p>Ayd\u0131n\u2019da di\u011fer illerin n\u00fcfusuna kay\u0131tl\u0131 ikamet edenlerin say\u0131s\u0131 belli olurken, il genelinde 27 bin 584 ki\u015fi ile en fazla \u0130zmirliler ikamet ediyor. T\u00fcrkiye \u0130statistik Kurumu (T\u00dc\u0130K) 2024 y\u0131l\u0131, Adrese Dayal\u0131 N\u00fcfus Kay\u0131t Sistemi Sonu\u00e7lar\u0131\u2019n\u0131 yay\u0131mlad\u0131. Yay\u0131nlanan verilere g\u00f6re 689 bin 370 Ayd\u0131nl\u0131n\u0131n ya\u015fad\u0131\u011f\u0131 Ayd\u0131n\u2019da en fazla \u0130zmirli vatanda\u015flar ikamet ediyor. Di\u011fer illerin n\u00fcfusuna kay\u0131tl\u0131 ikamet&#8230;<\/p>\n","protected":false},"author":1,"featured_media":16474,"comment_status":"open","ping_status":"open","sticky":false,"template":"","format":"standard","meta":{"_crdt_document":"","footnotes":""},"categories":[1],"tags":[],"class_list":["post-16473","post","type-post","status-publish","format-standard","has-post-thumbnail","hentry","category-guncel"],"_links":{"self":[{"href":"https:\/\/www.egemtv.com\/index.php?rest_route=\/wp\/v2\/posts\/16473","targetHints":{"allow":["GET"]}}],"collection":[{"href":"https:\/\/www.egemtv.com\/index.php?rest_route=\/wp\/v2\/posts"}],"about":[{"href":"https:\/\/www.egemtv.com\/index.php?rest_route=\/wp\/v2\/types\/post"}],"author":[{"embeddable":true,"href":"https:\/\/www.egemtv.com\/index.php?rest_route=\/wp\/v2\/users\/1"}],"replies":[{"embeddable":true,"href":"https:\/\/www.egemtv.com\/index.php?rest_route=%2Fwp%2Fv2%2Fcomments&post=16473"}],"version-history":[{"count":1,"href":"https:\/\/www.egemtv.com\/index.php?rest_route=\/wp\/v2\/posts\/16473\/revisions"}],"predecessor-version":[{"id":16475,"href":"https:\/\/www.egemtv.com\/index.php?rest_route=\/wp\/v2\/posts\/16473\/revisions\/16475"}],"wp:featuredmedia":[{"embeddable":true,"href":"https:\/\/www.egemtv.com\/index.php?rest_route=\/wp\/v2\/media\/16474"}],"wp:attachment":[{"href":"https:\/\/www.egemtv.com\/index.php?rest_route=%2Fwp%2Fv2%2Fmedia&parent=16473"}],"wp:term":[{"taxonomy":"category","embeddable":true,"href":"https:\/\/www.egemtv.com\/index.php?rest_route=%2Fwp%2Fv2%2Fcategories&post=16473"},{"taxonomy":"post_tag","embeddable":true,"href":"https:\/\/www.egemtv.com\/index.php?rest_route=%2Fwp%2Fv2%2Ftags&post=16473"}],"curies":[{"name":"wp","href":"https:\/\/api.w.org\/{rel}","templated":true}]}}