{"id":16467,"date":"2025-02-07T09:47:44","date_gmt":"2025-02-07T06:47:44","guid":{"rendered":"https:\/\/www.egemtv.com\/?p=16467"},"modified":"2025-02-07T09:47:50","modified_gmt":"2025-02-07T06:47:50","slug":"nazilli-belediye-baskani-tetik-mahalle-bulusmalarina-basladi","status":"publish","type":"post","link":"https:\/\/www.egemtv.com\/?p=16467","title":{"rendered":"Nazilli Belediye Ba\u015fkan\u0131 Tetik, mahalle bulu\u015fmalar\u0131na ba\u015flad\u0131"},"content":{"rendered":"<p>Nazilli Belediye Ba\u015fkan\u0131 Dr. Ertu\u011frul Tetik, halk bulu\u015fmalar\u0131na \u0130stiklal Mahallesi\u2019nden ba\u015flad\u0131.<\/p>\n<p>Beraberinde daire m\u00fcd\u00fcrleriyle \u0130stiklal Mahallesi sakinleriyle bir araya gelen Ba\u015fkan Tetik, halk\u0131n sorunlar\u0131n\u0131 yerinde dinleyerek \u00e7\u00f6z\u00fcm\u00fc i\u00e7in ekiplere talimat verdi. 50 y\u0131ld\u0131r yap\u0131lmay\u0131 bekleyen sorunlar\u0131n \u00e7\u00f6z\u00fcm\u00fc i\u00e7in gerekli planlamay\u0131 yapt\u0131klar\u0131n\u0131 kaydeden Ba\u015fkan Tetik, &#8220;Mahalle bulu\u015fmalar\u0131m\u0131za ba\u015flad\u0131k. Bu toplant\u0131lar\u0131 82 mahallemizin tamam\u0131na yayarak devam edece\u011fiz. Halk\u0131m\u0131z\u0131n sorunlar\u0131n\u0131 bize anlatmas\u0131 laz\u0131m. Bizler sizler i\u00e7in var\u0131z&#8221; dedi.<\/p>\n<p>\u0130stiklal Mahallesi sakinlerinden gelen talepleri Ba\u015fkan Tetik ve ekibine ileten Muhtar Song\u00fcl Meke, mahalle bulu\u015fmalar\u0131ndan duydu\u011fu memnuniyeti ifade ederek te\u015fekk\u00fcrlerini iletti.<br \/><\/p>\n","protected":false},"excerpt":{"rendered":"<p>Nazilli Belediye Ba\u015fkan\u0131 Dr. Ertu\u011frul Tetik, halk bulu\u015fmalar\u0131na \u0130stiklal Mahallesi\u2019nden ba\u015flad\u0131. Beraberinde daire m\u00fcd\u00fcrleriyle \u0130stiklal Mahallesi sakinleriyle bir araya gelen Ba\u015fkan Tetik, halk\u0131n sorunlar\u0131n\u0131 yerinde dinleyerek \u00e7\u00f6z\u00fcm\u00fc i\u00e7in ekiplere talimat verdi. 50 y\u0131ld\u0131r yap\u0131lmay\u0131 bekleyen sorunlar\u0131n \u00e7\u00f6z\u00fcm\u00fc i\u00e7in gerekli planlamay\u0131 yapt\u0131klar\u0131n\u0131 kaydeden Ba\u015fkan Tetik, &#8220;Mahalle bulu\u015fmalar\u0131m\u0131za ba\u015flad\u0131k. Bu toplant\u0131lar\u0131 82 mahallemizin tamam\u0131na yayarak devam edece\u011fiz&#8230;.<\/p>\n","protected":false},"author":1,"featured_media":16468,"comment_status":"open","ping_status":"open","sticky":false,"template":"","format":"standard","meta":{"_crdt_document":"","footnotes":""},"categories":[1],"tags":[],"class_list":["post-16467","post","type-post","status-publish","format-standard","has-post-thumbnail","hentry","category-guncel"],"_links":{"self":[{"href":"https:\/\/www.egemtv.com\/index.php?rest_route=\/wp\/v2\/posts\/16467","targetHints":{"allow":["GET"]}}],"collection":[{"href":"https:\/\/www.egemtv.com\/index.php?rest_route=\/wp\/v2\/posts"}],"about":[{"href":"https:\/\/www.egemtv.com\/index.php?rest_route=\/wp\/v2\/types\/post"}],"author":[{"embeddable":true,"href":"https:\/\/www.egemtv.com\/index.php?rest_route=\/wp\/v2\/users\/1"}],"replies":[{"embeddable":true,"href":"https:\/\/www.egemtv.com\/index.php?rest_route=%2Fwp%2Fv2%2Fcomments&post=16467"}],"version-history":[{"count":1,"href":"https:\/\/www.egemtv.com\/index.php?rest_route=\/wp\/v2\/posts\/16467\/revisions"}],"predecessor-version":[{"id":16469,"href":"https:\/\/www.egemtv.com\/index.php?rest_route=\/wp\/v2\/posts\/16467\/revisions\/16469"}],"wp:featuredmedia":[{"embeddable":true,"href":"https:\/\/www.egemtv.com\/index.php?rest_route=\/wp\/v2\/media\/16468"}],"wp:attachment":[{"href":"https:\/\/www.egemtv.com\/index.php?rest_route=%2Fwp%2Fv2%2Fmedia&parent=16467"}],"wp:term":[{"taxonomy":"category","embeddable":true,"href":"https:\/\/www.egemtv.com\/index.php?rest_route=%2Fwp%2Fv2%2Fcategories&post=16467"},{"taxonomy":"post_tag","embeddable":true,"href":"https:\/\/www.egemtv.com\/index.php?rest_route=%2Fwp%2Fv2%2Ftags&post=16467"}],"curies":[{"name":"wp","href":"https:\/\/api.w.org\/{rel}","templated":true}]}}