{"id":16464,"date":"2025-02-07T09:41:10","date_gmt":"2025-02-07T06:41:10","guid":{"rendered":"https:\/\/www.egemtv.com\/?p=16464"},"modified":"2025-02-07T09:41:16","modified_gmt":"2025-02-07T06:41:16","slug":"buharkent-depremde-hayatini-kaybedenleri-unutmadi","status":"publish","type":"post","link":"https:\/\/www.egemtv.com\/?p=16464","title":{"rendered":"Buharkent, depremde hayat\u0131n\u0131 kaybedenleri unutmad\u0131"},"content":{"rendered":"<p>Ayd\u0131n\u2019\u0131n Buharkent il\u00e7esinde 6 \u015eubat Depremi\u2019nin 2. y\u0131ld\u00f6n\u00fcm\u00fc dolay\u0131s\u0131yla lokma hayr\u0131 yap\u0131ld\u0131.<\/p>\n<p>6 \u015eubat 2023\u2019te ya\u015fanan ve 11 ilde b\u00fcy\u00fck y\u0131k\u0131ma neden olan Kahramanmara\u015f merkezli deprem felaketinin ikinci y\u0131l d\u00f6n\u00fcm\u00fcnde Buharkent\u2019te \u00e7e\u015fitli anma etkinlikleri d\u00fczenlendi. Bu \u00e7er\u00e7evede Buharkent Belediyesi taraf\u0131ndan da \u00c7ar\u015f\u0131 Camii \u00f6n\u00fcnde lokma hayr\u0131 ger\u00e7ekle\u015ftirildi. Ger\u00e7ekle\u015ftirilen lokma ikram\u0131na kat\u0131lan Buharkent Belediye Ba\u015fkan\u0131 Mehmet Erol, depremde hayat\u0131n\u0131 kaybedenlere Allah\u2019tan rahmet diledi. Konu ile ilgili sosyal medya hesab\u0131ndan payla\u015f\u0131m yapan Ba\u015fkan Erol, &#8220;6 \u015eubat 2023 Asr\u0131n Felaketi\u2019nde kaybetti\u011fimiz deprem \u015fehitlerimiz i\u00e7in Buharkent Belediyesi olarak \u00c7ar\u015f\u0131 Camii \u00f6n\u00fcnde lokma hayr\u0131 d\u00fczenledik. Allah kabul etsin in\u015fallah. Bu vesileyle kaybetti\u011fimiz t\u00fcm vatanda\u015flar\u0131m\u0131z\u0131 rahmetle yad ediyorum&#8221; ifadelerini kulland\u0131.<br \/><\/p>\n","protected":false},"excerpt":{"rendered":"<p>Ayd\u0131n\u2019\u0131n Buharkent il\u00e7esinde 6 \u015eubat Depremi\u2019nin 2. y\u0131ld\u00f6n\u00fcm\u00fc dolay\u0131s\u0131yla lokma hayr\u0131 yap\u0131ld\u0131. 6 \u015eubat 2023\u2019te ya\u015fanan ve 11 ilde b\u00fcy\u00fck y\u0131k\u0131ma neden olan Kahramanmara\u015f merkezli deprem felaketinin ikinci y\u0131l d\u00f6n\u00fcm\u00fcnde Buharkent\u2019te \u00e7e\u015fitli anma etkinlikleri d\u00fczenlendi. Bu \u00e7er\u00e7evede Buharkent Belediyesi taraf\u0131ndan da \u00c7ar\u015f\u0131 Camii \u00f6n\u00fcnde lokma hayr\u0131 ger\u00e7ekle\u015ftirildi. Ger\u00e7ekle\u015ftirilen lokma ikram\u0131na kat\u0131lan Buharkent Belediye Ba\u015fkan\u0131 Mehmet&#8230;<\/p>\n","protected":false},"author":1,"featured_media":16465,"comment_status":"open","ping_status":"open","sticky":false,"template":"","format":"standard","meta":{"_crdt_document":"","footnotes":""},"categories":[1],"tags":[],"class_list":["post-16464","post","type-post","status-publish","format-standard","has-post-thumbnail","hentry","category-guncel"],"_links":{"self":[{"href":"https:\/\/www.egemtv.com\/index.php?rest_route=\/wp\/v2\/posts\/16464","targetHints":{"allow":["GET"]}}],"collection":[{"href":"https:\/\/www.egemtv.com\/index.php?rest_route=\/wp\/v2\/posts"}],"about":[{"href":"https:\/\/www.egemtv.com\/index.php?rest_route=\/wp\/v2\/types\/post"}],"author":[{"embeddable":true,"href":"https:\/\/www.egemtv.com\/index.php?rest_route=\/wp\/v2\/users\/1"}],"replies":[{"embeddable":true,"href":"https:\/\/www.egemtv.com\/index.php?rest_route=%2Fwp%2Fv2%2Fcomments&post=16464"}],"version-history":[{"count":1,"href":"https:\/\/www.egemtv.com\/index.php?rest_route=\/wp\/v2\/posts\/16464\/revisions"}],"predecessor-version":[{"id":16466,"href":"https:\/\/www.egemtv.com\/index.php?rest_route=\/wp\/v2\/posts\/16464\/revisions\/16466"}],"wp:featuredmedia":[{"embeddable":true,"href":"https:\/\/www.egemtv.com\/index.php?rest_route=\/wp\/v2\/media\/16465"}],"wp:attachment":[{"href":"https:\/\/www.egemtv.com\/index.php?rest_route=%2Fwp%2Fv2%2Fmedia&parent=16464"}],"wp:term":[{"taxonomy":"category","embeddable":true,"href":"https:\/\/www.egemtv.com\/index.php?rest_route=%2Fwp%2Fv2%2Fcategories&post=16464"},{"taxonomy":"post_tag","embeddable":true,"href":"https:\/\/www.egemtv.com\/index.php?rest_route=%2Fwp%2Fv2%2Ftags&post=16464"}],"curies":[{"name":"wp","href":"https:\/\/api.w.org\/{rel}","templated":true}]}}