{"id":16461,"date":"2025-02-07T09:33:13","date_gmt":"2025-02-07T06:33:13","guid":{"rendered":"https:\/\/www.egemtv.com\/?p=16461"},"modified":"2025-02-07T09:33:17","modified_gmt":"2025-02-07T06:33:17","slug":"baskan-cercioglu-tarim-ureticilerine-destek-sagliyor","status":"publish","type":"post","link":"https:\/\/www.egemtv.com\/?p=16461","title":{"rendered":"Ba\u015fkan \u00c7er\u00e7io\u011flu, tar\u0131m \u00fcreticilerine destek sa\u011fl\u0131yor"},"content":{"rendered":"<p>Ayd\u0131n B\u00fcy\u00fck\u015fehir Belediyesi, \u00fcreticilere destek olmak i\u00e7in ger\u00e7ekle\u015ftirdi\u011fi \u00e7al\u0131\u015fmalara h\u0131z kesmeden devam ediyor.<br \/>\n<br \/>K\u0131rsal mahallelerden kent merkezine kadar vatanda\u015flara hizmet ula\u015ft\u0131ran B\u00fcy\u00fck\u015fehir Belediyesi ekiplerinin \u00e7al\u0131\u015fmalar\u0131 Ayd\u0131nl\u0131lar taraf\u0131ndan da takdirle kar\u015f\u0131lan\u0131yor. 17 il\u00e7enin tamam\u0131nda planl\u0131 ve h\u0131zl\u0131 ger\u00e7ekle\u015ftirilen \u00e7al\u0131\u015fmalar ile kazanan Ayd\u0131nl\u0131lar oluyor.<br \/>\n<br \/>B\u00fcy\u00fck\u015fehir Belediyesi, k\u0131rsal mahallelerde bulunan ve \u00fcreticiler taraf\u0131ndan arazilere ula\u015f\u0131m i\u00e7in kullan\u0131lan yollarda ba\u015flatt\u0131\u011f\u0131 \u00e7al\u0131\u015fmalar\u0131n\u0131 s\u00fcrd\u00fcr\u00fcyor. Ba\u015fta zeytin \u00fcreticileri olmak \u00fczere vatanda\u015flar taraf\u0131ndan arazilerine ula\u015f\u0131m i\u00e7in kullan\u0131lan patika yollar, Fen \u0130\u015fleri Dairesi Ba\u015fkanl\u0131\u011f\u0131 ekipleri taraf\u0131ndan ara\u00e7 ge\u00e7i\u015fine uygun hale getiriliyor. K\u0131sa s\u00fcrede tamamlanan \u00e7al\u0131\u015fmalar sonras\u0131 d\u00fczenlenen yollar, \u00fcreticilerin kullan\u0131m\u0131na sunuluyor.<br \/>\n<br \/>Ba\u015fkan \u00c7er\u00e7io\u011flu: Vatanda\u015flar\u0131m\u0131za hizmetlerimizi ula\u015ft\u0131rmay\u0131 s\u00fcrd\u00fcrece\u011fiz<br \/>\n<br \/>Ayd\u0131n B\u00fcy\u00fck\u015fehir Belediye Ba\u015fkan\u0131 \u00d6zlem \u00c7er\u00e7io\u011flu, vatanda\u015f odakl\u0131 belediyecilik hizmetlerinin devam edece\u011fini belirterek, &#8220;B\u00fcy\u00fck\u015fehir Belediyemiz taraf\u0131ndan 17 il\u00e7emizin tamam\u0131nda her ya\u015ftan hem\u015fehrimize hizmetlerimizi ula\u015ft\u0131rmay\u0131 s\u00fcrd\u00fcr\u00fcyoruz. \u00c7al\u0131\u015fmalar\u0131m\u0131za h\u0131z kesmeden devam edece\u011fiz&#8221; ifadelerini kulland\u0131.<br \/><\/p>\n","protected":false},"excerpt":{"rendered":"<p>Ayd\u0131n B\u00fcy\u00fck\u015fehir Belediyesi, \u00fcreticilere destek olmak i\u00e7in ger\u00e7ekle\u015ftirdi\u011fi \u00e7al\u0131\u015fmalara h\u0131z kesmeden devam ediyor. K\u0131rsal mahallelerden kent merkezine kadar vatanda\u015flara hizmet ula\u015ft\u0131ran B\u00fcy\u00fck\u015fehir Belediyesi ekiplerinin \u00e7al\u0131\u015fmalar\u0131 Ayd\u0131nl\u0131lar taraf\u0131ndan da takdirle kar\u015f\u0131lan\u0131yor. 17 il\u00e7enin tamam\u0131nda planl\u0131 ve h\u0131zl\u0131 ger\u00e7ekle\u015ftirilen \u00e7al\u0131\u015fmalar ile kazanan Ayd\u0131nl\u0131lar oluyor. B\u00fcy\u00fck\u015fehir Belediyesi, k\u0131rsal mahallelerde bulunan ve \u00fcreticiler taraf\u0131ndan arazilere ula\u015f\u0131m i\u00e7in kullan\u0131lan yollarda&#8230;<\/p>\n","protected":false},"author":1,"featured_media":16462,"comment_status":"open","ping_status":"open","sticky":false,"template":"","format":"standard","meta":{"_crdt_document":"","footnotes":""},"categories":[1],"tags":[],"class_list":["post-16461","post","type-post","status-publish","format-standard","has-post-thumbnail","hentry","category-guncel"],"_links":{"self":[{"href":"https:\/\/www.egemtv.com\/index.php?rest_route=\/wp\/v2\/posts\/16461","targetHints":{"allow":["GET"]}}],"collection":[{"href":"https:\/\/www.egemtv.com\/index.php?rest_route=\/wp\/v2\/posts"}],"about":[{"href":"https:\/\/www.egemtv.com\/index.php?rest_route=\/wp\/v2\/types\/post"}],"author":[{"embeddable":true,"href":"https:\/\/www.egemtv.com\/index.php?rest_route=\/wp\/v2\/users\/1"}],"replies":[{"embeddable":true,"href":"https:\/\/www.egemtv.com\/index.php?rest_route=%2Fwp%2Fv2%2Fcomments&post=16461"}],"version-history":[{"count":1,"href":"https:\/\/www.egemtv.com\/index.php?rest_route=\/wp\/v2\/posts\/16461\/revisions"}],"predecessor-version":[{"id":16463,"href":"https:\/\/www.egemtv.com\/index.php?rest_route=\/wp\/v2\/posts\/16461\/revisions\/16463"}],"wp:featuredmedia":[{"embeddable":true,"href":"https:\/\/www.egemtv.com\/index.php?rest_route=\/wp\/v2\/media\/16462"}],"wp:attachment":[{"href":"https:\/\/www.egemtv.com\/index.php?rest_route=%2Fwp%2Fv2%2Fmedia&parent=16461"}],"wp:term":[{"taxonomy":"category","embeddable":true,"href":"https:\/\/www.egemtv.com\/index.php?rest_route=%2Fwp%2Fv2%2Fcategories&post=16461"},{"taxonomy":"post_tag","embeddable":true,"href":"https:\/\/www.egemtv.com\/index.php?rest_route=%2Fwp%2Fv2%2Ftags&post=16461"}],"curies":[{"name":"wp","href":"https:\/\/api.w.org\/{rel}","templated":true}]}}