{"id":16455,"date":"2025-02-07T09:33:01","date_gmt":"2025-02-07T06:33:01","guid":{"rendered":"https:\/\/www.egemtv.com\/?p=16455"},"modified":"2025-02-07T09:33:07","modified_gmt":"2025-02-07T06:33:07","slug":"koycegizli-kanocular-okul-sporlari-il-birinciligine-damga-vurdu","status":"publish","type":"post","link":"https:\/\/www.egemtv.com\/?p=16455","title":{"rendered":"K\u00f6yce\u011fizli Kanocular Okul Sporlar\u0131 \u0130l Birincili\u011fine damga vurdu"},"content":{"rendered":"<p>Mu\u011fla\u2019n\u0131n K\u00f6yce\u011fiz il\u00e7esinde 2024-2025 Okul Sporlar\u0131 Kano \u0130l Birincili\u011fi yar\u0131\u015fmalar\u0131 \u00f6d\u00fcl t\u00f6reni ile sona erdi.<\/p>\n<p>K\u00f6yce\u011fiz G\u00f6l\u00fc\u2019n\u00fcn e\u015fsiz do\u011fas\u0131nda d\u00fczenlenen Kano Okul Sporlar\u0131 K\u00fc\u00e7\u00fck, Y\u0131ld\u0131z ve Gen\u00e7 A K\u0131zlar-Erkekler \u0130l Birincili\u011fi yar\u0131\u015flar\u0131 b\u00fcy\u00fck heyecana sahne oldu. Okul Sporlar\u0131 Kano \u0130l Birincili\u011fi m\u00fcsabakalar\u0131nda K\u00f6yce\u011fizli sporcular \u00f6nemli ba\u015far\u0131lara imza att\u0131. 2024-2025 Okul Sporlar\u0131 Kano \u0130l Birincili\u011fi Gen\u00e7ler, Y\u0131ld\u0131zlar ve K\u00fc\u00e7\u00fckler sonu\u00e7lar\u0131 ise \u015f\u00f6yle olu\u015ftu:<br \/>\n<br \/>Gen\u00e7 Erkekler: 1. Yi\u011fit G\u00fcrb\u00fcz &#8211; K\u00f6yce\u011fiz \u015e.O.H. Denizcilik MTAL, 2. Derin Emre Gezer &#8211; K\u00f6yce\u011fiz \u015e.O.H. Denizcilik MTAL, 3. Aziz R\u00fczgar Do\u011fan &#8211; Mente\u015fe TOBB Fen Lisesi, 3. \u00d6mer Akad Bak\u0131rc\u0131 &#8211; K\u00f6yce\u011fiz Fen Lisesi<br \/>\n<br \/>Gen\u00e7 Kad\u0131nlar: 1. G\u00f6k\u00e7e Nazl\u0131 \u00c7evik &#8211; \u00d6zel Ortaca \u00c7\u00f6z\u00fcm Anadolu Lisesi, Y\u0131ld\u0131z Erkekler: 1. Poyraz Y\u0131ld\u0131r\u0131m &#8211; K\u00f6yce\u011fiz Atat\u00fcrk Ortaokulu, 2. Nevzat Eren \u00c7akmak &#8211; K\u00f6yce\u011fiz Atat\u00fcrk Ortaokulu, 3. Mete Alp \u0130leri, 3. K\u0131van\u00e7 Mert Bilen &#8211; K\u00f6yce\u011fiz Atat\u00fcrk Ortaokulu, Y\u0131ld\u0131z Kad\u0131nlar: 1. Zeynep Ada Bilen &#8211; K\u00f6yce\u011fiz Atat\u00fcrk Ortaokulu, 2. Rukiye Ruken Kele\u015f &#8211; K\u00f6yce\u011fiz Atat\u00fcrk Ortaokulu, K\u00fc\u00e7\u00fck Erkekler: 1. Sarp \u0130leri &#8211; \u00d6zel Ortaca Final Ortaokulu, 2. Diren Kele\u015f &#8211; K\u00f6yce\u011fiz Atat\u00fcrk Ortaokulu<br \/><\/p>\n","protected":false},"excerpt":{"rendered":"<p>Mu\u011fla\u2019n\u0131n K\u00f6yce\u011fiz il\u00e7esinde 2024-2025 Okul Sporlar\u0131 Kano \u0130l Birincili\u011fi yar\u0131\u015fmalar\u0131 \u00f6d\u00fcl t\u00f6reni ile sona erdi. K\u00f6yce\u011fiz G\u00f6l\u00fc\u2019n\u00fcn e\u015fsiz do\u011fas\u0131nda d\u00fczenlenen Kano Okul Sporlar\u0131 K\u00fc\u00e7\u00fck, Y\u0131ld\u0131z ve Gen\u00e7 A K\u0131zlar-Erkekler \u0130l Birincili\u011fi yar\u0131\u015flar\u0131 b\u00fcy\u00fck heyecana sahne oldu. Okul Sporlar\u0131 Kano \u0130l Birincili\u011fi m\u00fcsabakalar\u0131nda K\u00f6yce\u011fizli sporcular \u00f6nemli ba\u015far\u0131lara imza att\u0131. 2024-2025 Okul Sporlar\u0131 Kano \u0130l Birincili\u011fi Gen\u00e7ler,&#8230;<\/p>\n","protected":false},"author":1,"featured_media":16456,"comment_status":"open","ping_status":"open","sticky":false,"template":"","format":"standard","meta":{"_crdt_document":"","footnotes":""},"categories":[4],"tags":[],"class_list":["post-16455","post","type-post","status-publish","format-standard","has-post-thumbnail","hentry","category-spor"],"_links":{"self":[{"href":"https:\/\/www.egemtv.com\/index.php?rest_route=\/wp\/v2\/posts\/16455","targetHints":{"allow":["GET"]}}],"collection":[{"href":"https:\/\/www.egemtv.com\/index.php?rest_route=\/wp\/v2\/posts"}],"about":[{"href":"https:\/\/www.egemtv.com\/index.php?rest_route=\/wp\/v2\/types\/post"}],"author":[{"embeddable":true,"href":"https:\/\/www.egemtv.com\/index.php?rest_route=\/wp\/v2\/users\/1"}],"replies":[{"embeddable":true,"href":"https:\/\/www.egemtv.com\/index.php?rest_route=%2Fwp%2Fv2%2Fcomments&post=16455"}],"version-history":[{"count":1,"href":"https:\/\/www.egemtv.com\/index.php?rest_route=\/wp\/v2\/posts\/16455\/revisions"}],"predecessor-version":[{"id":16457,"href":"https:\/\/www.egemtv.com\/index.php?rest_route=\/wp\/v2\/posts\/16455\/revisions\/16457"}],"wp:featuredmedia":[{"embeddable":true,"href":"https:\/\/www.egemtv.com\/index.php?rest_route=\/wp\/v2\/media\/16456"}],"wp:attachment":[{"href":"https:\/\/www.egemtv.com\/index.php?rest_route=%2Fwp%2Fv2%2Fmedia&parent=16455"}],"wp:term":[{"taxonomy":"category","embeddable":true,"href":"https:\/\/www.egemtv.com\/index.php?rest_route=%2Fwp%2Fv2%2Fcategories&post=16455"},{"taxonomy":"post_tag","embeddable":true,"href":"https:\/\/www.egemtv.com\/index.php?rest_route=%2Fwp%2Fv2%2Ftags&post=16455"}],"curies":[{"name":"wp","href":"https:\/\/api.w.org\/{rel}","templated":true}]}}