{"id":16452,"date":"2025-02-07T09:32:55","date_gmt":"2025-02-07T06:32:55","guid":{"rendered":"https:\/\/www.egemtv.com\/?p=16452"},"modified":"2025-02-07T09:33:01","modified_gmt":"2025-02-07T06:33:01","slug":"denizli-buyuksehir-yuzme-tutkunlarini-mutlu-edecek","status":"publish","type":"post","link":"https:\/\/www.egemtv.com\/?p=16452","title":{"rendered":"Denizli B\u00fcy\u00fck\u015fehir y\u00fczme tutkunlar\u0131n\u0131 mutlu edecek"},"content":{"rendered":"<p>Denizli B\u00fcy\u00fck\u015fehir Belediyesi, vatanda\u015flara y\u00fczme sporu ile sa\u011fl\u0131kl\u0131 bir ya\u015fam sunmak amac\u0131yla \u00fccretsiz Y\u00fczme Halk G\u00fcnleri etkinli\u011fini ba\u015flat\u0131yor. Her hafta Cumartesi ve Pazar g\u00fcnleri d\u00fczenlenecek olan etkinlik, Kay\u0131han Kapal\u0131 Y\u00fczme Havuzu\u2019nda ger\u00e7ekle\u015ftirilecek.<\/p>\n<p>B\u00fcy\u00fck\u015fehir Belediyesi\u2019nden yap\u0131lan a\u00e7\u0131klamaya g\u00f6re, \u00fccretsiz olarak sunulacak y\u00fczme etkinli\u011fi, Cumartesi ve Pazar g\u00fcnleri 13.30 &#8211; 17.30 saatleri aras\u0131nda halka a\u00e7\u0131k olacak. Etkinli\u011fe kat\u0131lmak isteyen vatanda\u015flar, Per\u015fembe ve Cuma g\u00fcnleri Denizli B\u00fcy\u00fck\u015fehir Belediyesinin resmi internet adresi \u00fczerinden online kay\u0131t yapt\u0131rabilecek. Denizli B\u00fcy\u00fck\u015fehir Belediye Ba\u015fkan\u0131 B\u00fclent Nuri \u00c7avu\u015fo\u011flu, y\u00fczme sporunun yayg\u0131nla\u015ft\u0131r\u0131lmas\u0131 ve vatanda\u015flar\u0131n sa\u011fl\u0131kl\u0131 bir ya\u015fam s\u00fcrmesi ad\u0131na bu t\u00fcr etkinlikleri \u00f6nemsediklerini belirterek, t\u00fcm Denizlilileri y\u00fczme halk g\u00fcnlerine kat\u0131lmaya davet etti.<br \/><\/p>\n","protected":false},"excerpt":{"rendered":"<p>Denizli B\u00fcy\u00fck\u015fehir Belediyesi, vatanda\u015flara y\u00fczme sporu ile sa\u011fl\u0131kl\u0131 bir ya\u015fam sunmak amac\u0131yla \u00fccretsiz Y\u00fczme Halk G\u00fcnleri etkinli\u011fini ba\u015flat\u0131yor. Her hafta Cumartesi ve Pazar g\u00fcnleri d\u00fczenlenecek olan etkinlik, Kay\u0131han Kapal\u0131 Y\u00fczme Havuzu\u2019nda ger\u00e7ekle\u015ftirilecek. B\u00fcy\u00fck\u015fehir Belediyesi\u2019nden yap\u0131lan a\u00e7\u0131klamaya g\u00f6re, \u00fccretsiz olarak sunulacak y\u00fczme etkinli\u011fi, Cumartesi ve Pazar g\u00fcnleri 13.30 &#8211; 17.30 saatleri aras\u0131nda halka a\u00e7\u0131k olacak. Etkinli\u011fe&#8230;<\/p>\n","protected":false},"author":1,"featured_media":16453,"comment_status":"open","ping_status":"open","sticky":false,"template":"","format":"standard","meta":{"_crdt_document":"","footnotes":""},"categories":[4],"tags":[],"class_list":["post-16452","post","type-post","status-publish","format-standard","has-post-thumbnail","hentry","category-spor"],"_links":{"self":[{"href":"https:\/\/www.egemtv.com\/index.php?rest_route=\/wp\/v2\/posts\/16452","targetHints":{"allow":["GET"]}}],"collection":[{"href":"https:\/\/www.egemtv.com\/index.php?rest_route=\/wp\/v2\/posts"}],"about":[{"href":"https:\/\/www.egemtv.com\/index.php?rest_route=\/wp\/v2\/types\/post"}],"author":[{"embeddable":true,"href":"https:\/\/www.egemtv.com\/index.php?rest_route=\/wp\/v2\/users\/1"}],"replies":[{"embeddable":true,"href":"https:\/\/www.egemtv.com\/index.php?rest_route=%2Fwp%2Fv2%2Fcomments&post=16452"}],"version-history":[{"count":1,"href":"https:\/\/www.egemtv.com\/index.php?rest_route=\/wp\/v2\/posts\/16452\/revisions"}],"predecessor-version":[{"id":16454,"href":"https:\/\/www.egemtv.com\/index.php?rest_route=\/wp\/v2\/posts\/16452\/revisions\/16454"}],"wp:featuredmedia":[{"embeddable":true,"href":"https:\/\/www.egemtv.com\/index.php?rest_route=\/wp\/v2\/media\/16453"}],"wp:attachment":[{"href":"https:\/\/www.egemtv.com\/index.php?rest_route=%2Fwp%2Fv2%2Fmedia&parent=16452"}],"wp:term":[{"taxonomy":"category","embeddable":true,"href":"https:\/\/www.egemtv.com\/index.php?rest_route=%2Fwp%2Fv2%2Fcategories&post=16452"},{"taxonomy":"post_tag","embeddable":true,"href":"https:\/\/www.egemtv.com\/index.php?rest_route=%2Fwp%2Fv2%2Ftags&post=16452"}],"curies":[{"name":"wp","href":"https:\/\/api.w.org\/{rel}","templated":true}]}}