{"id":16449,"date":"2025-02-07T09:32:49","date_gmt":"2025-02-07T06:32:49","guid":{"rendered":"https:\/\/www.egemtv.com\/?p=16449"},"modified":"2025-02-07T09:32:55","modified_gmt":"2025-02-07T06:32:55","slug":"kocarli-market-acilis-icin-gun-sayiyor","status":"publish","type":"post","link":"https:\/\/www.egemtv.com\/?p=16449","title":{"rendered":"Ko\u00e7arl\u0131 Market a\u00e7\u0131l\u0131\u015f i\u00e7in g\u00fcn say\u0131yor"},"content":{"rendered":"<p>Ko\u00e7arl\u0131 Belediye Ba\u015fkan\u0131 \u00d6zg\u00fcr Ar\u0131c\u0131, il\u00e7enin sosyal ve ekonomik ya\u015fam\u0131n\u0131 canland\u0131rmaya y\u00f6nelik projelerine bir yenisini daha eklerken, hayata ge\u00e7irilecek olan Ko\u00e7arl\u0131 Market 10 \u015eubat Pazartesi g\u00fcn\u00fc a\u00e7\u0131lacak.<\/p>\n<p>Belediye binas\u0131n\u0131n giri\u015f kat\u0131nda a\u00e7\u0131lacak olan Ko\u00e7arl\u0131 Markette, Ko\u00e7arl\u0131\u2019n\u0131n e\u015fsiz y\u00f6resel \u00fcr\u00fcnleri geni\u015f bir yelpazede halkla bulu\u015fturulacak. Ba\u015fkan Ar\u0131c\u0131, Ko\u00e7arl\u0131 Market\u2019in il\u00e7enin kalk\u0131nmas\u0131nda da \u00f6nemli bir rol oynayaca\u011f\u0131n\u0131 ifade ederek &#8220;Ko\u00e7arl\u0131 Market projemiz, il\u00e7emizin bereketli topraklar\u0131nda yeti\u015fen \u00fcr\u00fcnleri halk\u0131m\u0131za sunma hedefiyle hayata ge\u00e7iriliyor. Yerel \u00fcreticilerimizi desteklemek, onlar\u0131n eme\u011fini daha geni\u015f kitlelere ula\u015ft\u0131rmak ve halk\u0131m\u0131z\u0131n kaliteli \u00fcr\u00fcnlere uygun fiyatlarla eri\u015fimini sa\u011flamak bizim \u00f6nceli\u011fimizdir. Bu market, Ko\u00e7arl\u0131\u2019n\u0131n marka de\u011ferini y\u00fckseltecek ve il\u00e7emize ekonomik anlamda katk\u0131 sa\u011flayacakt\u0131r. Halk\u0131m\u0131za hay\u0131rl\u0131 olsun&#8221; dedi.<\/p>\n<p>Ko\u00e7arl\u0131 Market, modern tasar\u0131m\u0131 ve ferah al\u0131\u015fveri\u015f ortam\u0131yla da dikkat \u00e7ekecek diyen Ko\u00e7arl\u0131 Belediye Ba\u015fkan\u0131 \u00d6zg\u00fcr Ar\u0131c\u0131, &#8220;Belediye g\u00fcvencesiyle sat\u0131\u015fa sunulacak \u00fcr\u00fcnlerimiz ile fiyat a\u00e7\u0131s\u0131ndan vatanda\u015flar\u0131n b\u00fct\u00e7esini korumay\u0131 hedefliyoruz. Market, sadece g\u00fcnl\u00fck ihtiya\u00e7lar\u0131 kar\u015f\u0131lamakla kalmay\u0131p il\u00e7emizin ve ilimizin y\u00f6resel \u00fcr\u00fcnlerinin bulunaca\u011f\u0131 bir yer olacak&#8221; dedi.<\/p>\n<p>Ko\u00e7arl\u0131 Market\u2019in haz\u0131rl\u0131klar\u0131n\u0131n t\u00fcm h\u0131z\u0131yla s\u00fcrd\u00fc\u011f\u00fcn\u00fc s\u00f6yleyen Ba\u015fkan Ar\u0131c\u0131 &#8220;Haz\u0131rl\u0131klar\u0131m\u0131z devam ediyor. 10 \u015eubat Pazartesi g\u00fcn\u00fc a\u00e7acak oldu\u011fumuz Ko\u00e7arl\u0131 Marketin a\u00e7\u0131l\u0131\u015f\u0131na t\u00fcm hem\u015ferilerimi bekliyorum&#8221; diye konu\u015ftu.<br \/><\/p>\n","protected":false},"excerpt":{"rendered":"<p>Ko\u00e7arl\u0131 Belediye Ba\u015fkan\u0131 \u00d6zg\u00fcr Ar\u0131c\u0131, il\u00e7enin sosyal ve ekonomik ya\u015fam\u0131n\u0131 canland\u0131rmaya y\u00f6nelik projelerine bir yenisini daha eklerken, hayata ge\u00e7irilecek olan Ko\u00e7arl\u0131 Market 10 \u015eubat Pazartesi g\u00fcn\u00fc a\u00e7\u0131lacak. Belediye binas\u0131n\u0131n giri\u015f kat\u0131nda a\u00e7\u0131lacak olan Ko\u00e7arl\u0131 Markette, Ko\u00e7arl\u0131\u2019n\u0131n e\u015fsiz y\u00f6resel \u00fcr\u00fcnleri geni\u015f bir yelpazede halkla bulu\u015fturulacak. Ba\u015fkan Ar\u0131c\u0131, Ko\u00e7arl\u0131 Market\u2019in il\u00e7enin kalk\u0131nmas\u0131nda da \u00f6nemli bir rol oynayaca\u011f\u0131n\u0131&#8230;<\/p>\n","protected":false},"author":1,"featured_media":16450,"comment_status":"open","ping_status":"open","sticky":false,"template":"","format":"standard","meta":{"_crdt_document":"","footnotes":""},"categories":[1],"tags":[],"class_list":["post-16449","post","type-post","status-publish","format-standard","has-post-thumbnail","hentry","category-guncel"],"_links":{"self":[{"href":"https:\/\/www.egemtv.com\/index.php?rest_route=\/wp\/v2\/posts\/16449","targetHints":{"allow":["GET"]}}],"collection":[{"href":"https:\/\/www.egemtv.com\/index.php?rest_route=\/wp\/v2\/posts"}],"about":[{"href":"https:\/\/www.egemtv.com\/index.php?rest_route=\/wp\/v2\/types\/post"}],"author":[{"embeddable":true,"href":"https:\/\/www.egemtv.com\/index.php?rest_route=\/wp\/v2\/users\/1"}],"replies":[{"embeddable":true,"href":"https:\/\/www.egemtv.com\/index.php?rest_route=%2Fwp%2Fv2%2Fcomments&post=16449"}],"version-history":[{"count":1,"href":"https:\/\/www.egemtv.com\/index.php?rest_route=\/wp\/v2\/posts\/16449\/revisions"}],"predecessor-version":[{"id":16451,"href":"https:\/\/www.egemtv.com\/index.php?rest_route=\/wp\/v2\/posts\/16449\/revisions\/16451"}],"wp:featuredmedia":[{"embeddable":true,"href":"https:\/\/www.egemtv.com\/index.php?rest_route=\/wp\/v2\/media\/16450"}],"wp:attachment":[{"href":"https:\/\/www.egemtv.com\/index.php?rest_route=%2Fwp%2Fv2%2Fmedia&parent=16449"}],"wp:term":[{"taxonomy":"category","embeddable":true,"href":"https:\/\/www.egemtv.com\/index.php?rest_route=%2Fwp%2Fv2%2Fcategories&post=16449"},{"taxonomy":"post_tag","embeddable":true,"href":"https:\/\/www.egemtv.com\/index.php?rest_route=%2Fwp%2Fv2%2Ftags&post=16449"}],"curies":[{"name":"wp","href":"https:\/\/api.w.org\/{rel}","templated":true}]}}