{"id":16446,"date":"2025-02-07T09:21:39","date_gmt":"2025-02-07T06:21:39","guid":{"rendered":"https:\/\/www.egemtv.com\/?p=16446"},"modified":"2025-02-07T09:21:44","modified_gmt":"2025-02-07T06:21:44","slug":"buyuksehirin-calisma-salonlarina-yogun-ilgi","status":"publish","type":"post","link":"https:\/\/www.egemtv.com\/?p=16446","title":{"rendered":"B\u00fcy\u00fck\u015fehir\u2019in \u00e7al\u0131\u015fma salonlar\u0131na yo\u011fun ilgi"},"content":{"rendered":"<p>Ayd\u0131n B\u00fcy\u00fck\u015fehir Belediye Ba\u015fkan\u0131 \u00d6zlem \u00c7er\u00e7io\u011flu\u2019nun Ayd\u0131n\u2019a kazand\u0131rd\u0131\u011f\u0131 \u00d6\u011frenci \u00c7al\u0131\u015fma Salonlar\u0131, her ya\u015ftan \u00f6\u011frenci taraf\u0131ndan e\u011fitim yuvas\u0131 olmaya devam ediyor.<br \/>\n<br \/>B\u00fcy\u00fck\u015fehir Belediyesi taraf\u0131ndan Efeler, S\u00f6ke ve Nazilli il\u00e7elerinde faaliyete ge\u00e7irilen \u00d6\u011frenci \u00c7al\u0131\u015fma Salonlar\u0131, \u00f6\u011frenciler taraf\u0131ndan yo\u011fun ilgiyle kar\u015f\u0131lan\u0131yor. Ara\u015ft\u0131rma ve \u00f6\u011frenmenin merkezi olan \u00d6\u011frenci \u00c7al\u0131\u015fma Salonlar\u0131, gen\u00e7ler i\u00e7in modern ve ferah bir e\u011fitim yuvas\u0131 oluyor. K\u00fct\u00fcphane sessizli\u011finde olan \u00d6\u011frenci \u00c7al\u0131\u015fma Salonlar\u0131, ders \u00e7al\u0131\u015fma, ara\u015ft\u0131rma yapma ve proje geli\u015ftirmek i\u00e7in t\u00fcm imkanlar\u0131 da \u00f6\u011frencilerin hizmetine sunuyor.<br \/>\n<br \/>\u00d6\u011frenci \u00c7al\u0131\u015fma Salonlar\u0131, i\u00e7erisinde bulunan bilgisayar ve internet eri\u015fimi imkanlar\u0131, k\u00fct\u00fcphane, kafeterya, ak\u0131l oyunlar\u0131 salonlar\u0131, \u00fccretsiz \u00e7ay ve su ikramlar\u0131 ile gelecekteki hayatlar\u0131na haz\u0131rlanan gen\u00e7lere hizmet veriyor. Geni\u015f masa ve sandalye d\u00fczenlemeleri, modern ayd\u0131nlatma sistemleri ve \u00f6\u011frencilerin kendi bilgisayarlar\u0131n\u0131 rahat\u00e7a kullanabilmeleri i\u00e7in haz\u0131rlanan priz ve USB \u015farj noktalar\u0131 ile dizayn edilen \u00d6\u011frenci \u00c7al\u0131\u015fma Salonlar\u0131, e\u011fitim hayatlar\u0131n\u0131n her a\u015famas\u0131nda \u00f6\u011frencilerin yan\u0131nda oluyor.<br \/>\n<br \/>Ba\u015fkan \u00c7er\u00e7io\u011flu: E\u011fitim ve \u00f6\u011fretime desteklerimiz devam edecek<br \/>\n<br \/>Ayd\u0131n B\u00fcy\u00fck\u015fehir Belediye Ba\u015fkan\u0131 \u00d6zlem \u00c7er\u00e7io\u011flu, \u00f6\u011frencilerin e\u011fitim hayatlar\u0131na destek olmak i\u00e7in \u00e7al\u0131\u015fmalar\u0131n\u0131n devam edece\u011fini belirterek, &#8220;Ayd\u0131n\u2019da ya\u015fayan,  e\u011fitim hayatlar\u0131n\u0131 s\u00fcrd\u00fcrmek i\u00e7in g\u00fczel kentimize gelen t\u00fcm \u00f6\u011frencilerimizin yan\u0131nday\u0131z. Cumhuriyetimizin ayd\u0131nl\u0131k yar\u0131nlar\u0131n\u0131n neferleri olan gen\u00e7lerimizin e\u011fitimlerine destek olmak i\u00e7in \u00e7al\u0131\u015fmalar\u0131m\u0131z devam edecek&#8221; ifadelerini kulland\u0131.<br \/>\n<br \/>\u00d6\u011frenciler, e\u011fitim ve \u00f6\u011fretime desteklerinden dolay\u0131 Ba\u015fkan \u00c7er\u00e7io\u011flu\u2019na te\u015fekk\u00fcr etti.<br \/><\/p>\n","protected":false},"excerpt":{"rendered":"<p>Ayd\u0131n B\u00fcy\u00fck\u015fehir Belediye Ba\u015fkan\u0131 \u00d6zlem \u00c7er\u00e7io\u011flu\u2019nun Ayd\u0131n\u2019a kazand\u0131rd\u0131\u011f\u0131 \u00d6\u011frenci \u00c7al\u0131\u015fma Salonlar\u0131, her ya\u015ftan \u00f6\u011frenci taraf\u0131ndan e\u011fitim yuvas\u0131 olmaya devam ediyor. B\u00fcy\u00fck\u015fehir Belediyesi taraf\u0131ndan Efeler, S\u00f6ke ve Nazilli il\u00e7elerinde faaliyete ge\u00e7irilen \u00d6\u011frenci \u00c7al\u0131\u015fma Salonlar\u0131, \u00f6\u011frenciler taraf\u0131ndan yo\u011fun ilgiyle kar\u015f\u0131lan\u0131yor. Ara\u015ft\u0131rma ve \u00f6\u011frenmenin merkezi olan \u00d6\u011frenci \u00c7al\u0131\u015fma Salonlar\u0131, gen\u00e7ler i\u00e7in modern ve ferah bir e\u011fitim yuvas\u0131 oluyor&#8230;.<\/p>\n","protected":false},"author":1,"featured_media":16447,"comment_status":"open","ping_status":"open","sticky":false,"template":"","format":"standard","meta":{"_crdt_document":"","footnotes":""},"categories":[1],"tags":[],"class_list":["post-16446","post","type-post","status-publish","format-standard","has-post-thumbnail","hentry","category-guncel"],"_links":{"self":[{"href":"https:\/\/www.egemtv.com\/index.php?rest_route=\/wp\/v2\/posts\/16446","targetHints":{"allow":["GET"]}}],"collection":[{"href":"https:\/\/www.egemtv.com\/index.php?rest_route=\/wp\/v2\/posts"}],"about":[{"href":"https:\/\/www.egemtv.com\/index.php?rest_route=\/wp\/v2\/types\/post"}],"author":[{"embeddable":true,"href":"https:\/\/www.egemtv.com\/index.php?rest_route=\/wp\/v2\/users\/1"}],"replies":[{"embeddable":true,"href":"https:\/\/www.egemtv.com\/index.php?rest_route=%2Fwp%2Fv2%2Fcomments&post=16446"}],"version-history":[{"count":1,"href":"https:\/\/www.egemtv.com\/index.php?rest_route=\/wp\/v2\/posts\/16446\/revisions"}],"predecessor-version":[{"id":16448,"href":"https:\/\/www.egemtv.com\/index.php?rest_route=\/wp\/v2\/posts\/16446\/revisions\/16448"}],"wp:featuredmedia":[{"embeddable":true,"href":"https:\/\/www.egemtv.com\/index.php?rest_route=\/wp\/v2\/media\/16447"}],"wp:attachment":[{"href":"https:\/\/www.egemtv.com\/index.php?rest_route=%2Fwp%2Fv2%2Fmedia&parent=16446"}],"wp:term":[{"taxonomy":"category","embeddable":true,"href":"https:\/\/www.egemtv.com\/index.php?rest_route=%2Fwp%2Fv2%2Fcategories&post=16446"},{"taxonomy":"post_tag","embeddable":true,"href":"https:\/\/www.egemtv.com\/index.php?rest_route=%2Fwp%2Fv2%2Ftags&post=16446"}],"curies":[{"name":"wp","href":"https:\/\/api.w.org\/{rel}","templated":true}]}}