{"id":16443,"date":"2025-02-07T09:16:51","date_gmt":"2025-02-07T06:16:51","guid":{"rendered":"https:\/\/www.egemtv.com\/?p=16443"},"modified":"2025-02-07T09:16:57","modified_gmt":"2025-02-07T06:16:57","slug":"koycegizde-vatandaslar-sabah-namazinda-bulusacak","status":"publish","type":"post","link":"https:\/\/www.egemtv.com\/?p=16443","title":{"rendered":"K\u00f6yce\u011fiz\u2019de vatanda\u015flar sabah namaz\u0131nda bulu\u015facak"},"content":{"rendered":"<p>Mu\u011fla\u2019n\u0131n K\u00f6yce\u011fiz il\u00e7esinde bu hafta Sabah Namaz\u0131 bulu\u015fmas\u0131 Zeytinalan\u0131 Mahallesi Merkez Camii\u2019nde ger\u00e7ekle\u015fecek.<\/p>\n<p>K\u00f6yce\u011fiz M\u00fcft\u00fcl\u00fc\u011f\u00fc sabah namaz\u0131 bulu\u015fmalar\u0131 programlar\u0131 devam ediyor. Diyanet \u0130\u015fleri Ba\u015fkanl\u0131\u011f\u0131n\u0131n \u00fclke genelinde ba\u015flatm\u0131\u015f oldu\u011fu sabah namaz\u0131 bulu\u015fmalar\u0131 kapsam\u0131nda 08 \u015eubat 2025 Cumartesi g\u00fcn\u00fc sabah namaz\u0131nda Zeytinalan\u0131 Mahallesi Merkez Camiinde bulu\u015fulacak. Sabah Namaz\u0131 bulu\u015fmas\u0131 program\u0131nda Kur\u2019an-\u0131 Kerim tilaveti, Sabah Namaz\u0131n\u0131n k\u0131l\u0131nmas\u0131, tesbihat, sohbet, dua ve ikramlar bulunuyor. K\u00f6yce\u011fiz M\u00fcft\u00fcl\u00fc\u011f\u00fc\u2019nden yap\u0131lan a\u00e7\u0131klamada; &#8220;Kur\u2019an-\u0131 Kerim tilaveti, sabah namaz\u0131n\u0131n cemaatle k\u0131l\u0131nmas\u0131, tesbihat, sohbet, dua ve ikramlar\u0131n olaca\u011f\u0131 programa gen\u00e7-ya\u015fl\u0131 t\u00fcm karde\u015flerimiz davetlidir. Sabah namaz\u0131 vakti 07.00&#8221; ifadeleri kullan\u0131ld\u0131.<br \/><\/p>\n","protected":false},"excerpt":{"rendered":"<p>Mu\u011fla\u2019n\u0131n K\u00f6yce\u011fiz il\u00e7esinde bu hafta Sabah Namaz\u0131 bulu\u015fmas\u0131 Zeytinalan\u0131 Mahallesi Merkez Camii\u2019nde ger\u00e7ekle\u015fecek. K\u00f6yce\u011fiz M\u00fcft\u00fcl\u00fc\u011f\u00fc sabah namaz\u0131 bulu\u015fmalar\u0131 programlar\u0131 devam ediyor. Diyanet \u0130\u015fleri Ba\u015fkanl\u0131\u011f\u0131n\u0131n \u00fclke genelinde ba\u015flatm\u0131\u015f oldu\u011fu sabah namaz\u0131 bulu\u015fmalar\u0131 kapsam\u0131nda 08 \u015eubat 2025 Cumartesi g\u00fcn\u00fc sabah namaz\u0131nda Zeytinalan\u0131 Mahallesi Merkez Camiinde bulu\u015fulacak. Sabah Namaz\u0131 bulu\u015fmas\u0131 program\u0131nda Kur\u2019an-\u0131 Kerim tilaveti, Sabah Namaz\u0131n\u0131n k\u0131l\u0131nmas\u0131, tesbihat,&#8230;<\/p>\n","protected":false},"author":1,"featured_media":16444,"comment_status":"open","ping_status":"open","sticky":false,"template":"","format":"standard","meta":{"_crdt_document":"","footnotes":""},"categories":[1],"tags":[],"class_list":["post-16443","post","type-post","status-publish","format-standard","has-post-thumbnail","hentry","category-guncel"],"_links":{"self":[{"href":"https:\/\/www.egemtv.com\/index.php?rest_route=\/wp\/v2\/posts\/16443","targetHints":{"allow":["GET"]}}],"collection":[{"href":"https:\/\/www.egemtv.com\/index.php?rest_route=\/wp\/v2\/posts"}],"about":[{"href":"https:\/\/www.egemtv.com\/index.php?rest_route=\/wp\/v2\/types\/post"}],"author":[{"embeddable":true,"href":"https:\/\/www.egemtv.com\/index.php?rest_route=\/wp\/v2\/users\/1"}],"replies":[{"embeddable":true,"href":"https:\/\/www.egemtv.com\/index.php?rest_route=%2Fwp%2Fv2%2Fcomments&post=16443"}],"version-history":[{"count":1,"href":"https:\/\/www.egemtv.com\/index.php?rest_route=\/wp\/v2\/posts\/16443\/revisions"}],"predecessor-version":[{"id":16445,"href":"https:\/\/www.egemtv.com\/index.php?rest_route=\/wp\/v2\/posts\/16443\/revisions\/16445"}],"wp:featuredmedia":[{"embeddable":true,"href":"https:\/\/www.egemtv.com\/index.php?rest_route=\/wp\/v2\/media\/16444"}],"wp:attachment":[{"href":"https:\/\/www.egemtv.com\/index.php?rest_route=%2Fwp%2Fv2%2Fmedia&parent=16443"}],"wp:term":[{"taxonomy":"category","embeddable":true,"href":"https:\/\/www.egemtv.com\/index.php?rest_route=%2Fwp%2Fv2%2Fcategories&post=16443"},{"taxonomy":"post_tag","embeddable":true,"href":"https:\/\/www.egemtv.com\/index.php?rest_route=%2Fwp%2Fv2%2Ftags&post=16443"}],"curies":[{"name":"wp","href":"https:\/\/api.w.org\/{rel}","templated":true}]}}