{"id":16437,"date":"2025-02-07T08:10:07","date_gmt":"2025-02-07T05:10:07","guid":{"rendered":"https:\/\/www.egemtv.com\/?p=16437"},"modified":"2025-02-07T08:10:13","modified_gmt":"2025-02-07T05:10:13","slug":"incirliovada-otomobil-ile-motosiklet-carpisti-1-olu","status":"publish","type":"post","link":"https:\/\/www.egemtv.com\/?p=16437","title":{"rendered":"\u0130ncirliova\u2019da otomobil ile motosiklet \u00e7arp\u0131\u015ft\u0131; 1 \u00f6l\u00fc"},"content":{"rendered":"<p>Ayd\u0131n\u2019\u0131n \u0130ncirliova il\u00e7esinde bir otomobil, motosiklete \u00e7arpt\u0131. Kazada motosiklet s\u00fcr\u00fcc\u00fcs\u00fc olay yerinde hayat\u0131n\u0131 kaybederken otomobilde bulunan bir yolcu da yaraland\u0131. Otomobil s\u00fcr\u00fcc\u00fcs\u00fc olay yerinden ka\u00e7\u0131p kay\u0131plara kar\u0131\u015ft\u0131.<br \/>\n<br \/>Kaza, Ayd\u0131n\u2019\u0131n \u0130ncirliova il\u00e7esi Derea\u011fz\u0131 Mahallesi yak\u0131nlar\u0131nda meydana geldi. Tire Caddesi \u00fczerinde bulunan Otoban K\u00f6pr\u00fcs\u00fcnde 09 S 2111 plakal\u0131 otomobil ile Mustafa \u00c7ehenta\u015f idaresindeki motosiklet \u00e7arp\u0131\u015ft\u0131. \u00c7arpman\u0131n etkisi ile motosiklet s\u00fcr\u00fcc\u00fcs\u00fc, k\u00f6pr\u00fcden u\u00e7up \u015farampole d\u00fc\u015ft\u00fc. Kaza sonras\u0131 otomobil s\u00fcr\u00fcc\u00fcs\u00fc olay yerinden ka\u00e7arken otomobilde yolcu konumunda bulunan E.A, yaraland\u0131. \u0130hbar \u00fczerine olay yerine sa\u011fl\u0131k ve polis ekibi sevk edildi.<br \/>\n<br \/>Sa\u011fl\u0131k ekipleri yapt\u0131klar\u0131 incelemede motosiklet s\u00fcr\u00fcc\u00fcs\u00fc Mustafa \u00c7ehenta\u015f\u2019\u0131n olay yerinde hayat\u0131n\u0131 kaybetti\u011fini belirledi. Yaral\u0131 yolcu E.A ise ambulans ile hastaneye kald\u0131r\u0131ld\u0131. Polis olay yerinde incelemelerini s\u00fcrd\u00fcr\u00fcrken ka\u00e7an otomobil s\u00fcr\u00fcc\u00fcs\u00fc ise her yerde aran\u0131yor.<br \/><\/p>\n","protected":false},"excerpt":{"rendered":"<p>Ayd\u0131n\u2019\u0131n \u0130ncirliova il\u00e7esinde bir otomobil, motosiklete \u00e7arpt\u0131. Kazada motosiklet s\u00fcr\u00fcc\u00fcs\u00fc olay yerinde hayat\u0131n\u0131 kaybederken otomobilde bulunan bir yolcu da yaraland\u0131. Otomobil s\u00fcr\u00fcc\u00fcs\u00fc olay yerinden ka\u00e7\u0131p kay\u0131plara kar\u0131\u015ft\u0131. Kaza, Ayd\u0131n\u2019\u0131n \u0130ncirliova il\u00e7esi Derea\u011fz\u0131 Mahallesi yak\u0131nlar\u0131nda meydana geldi. Tire Caddesi \u00fczerinde bulunan Otoban K\u00f6pr\u00fcs\u00fcnde 09 S 2111 plakal\u0131 otomobil ile Mustafa \u00c7ehenta\u015f idaresindeki motosiklet \u00e7arp\u0131\u015ft\u0131. \u00c7arpman\u0131n etkisi&#8230;<\/p>\n","protected":false},"author":1,"featured_media":16438,"comment_status":"open","ping_status":"open","sticky":false,"template":"","format":"standard","meta":{"_crdt_document":"","footnotes":""},"categories":[5],"tags":[],"class_list":["post-16437","post","type-post","status-publish","format-standard","has-post-thumbnail","hentry","category-asayis"],"_links":{"self":[{"href":"https:\/\/www.egemtv.com\/index.php?rest_route=\/wp\/v2\/posts\/16437","targetHints":{"allow":["GET"]}}],"collection":[{"href":"https:\/\/www.egemtv.com\/index.php?rest_route=\/wp\/v2\/posts"}],"about":[{"href":"https:\/\/www.egemtv.com\/index.php?rest_route=\/wp\/v2\/types\/post"}],"author":[{"embeddable":true,"href":"https:\/\/www.egemtv.com\/index.php?rest_route=\/wp\/v2\/users\/1"}],"replies":[{"embeddable":true,"href":"https:\/\/www.egemtv.com\/index.php?rest_route=%2Fwp%2Fv2%2Fcomments&post=16437"}],"version-history":[{"count":1,"href":"https:\/\/www.egemtv.com\/index.php?rest_route=\/wp\/v2\/posts\/16437\/revisions"}],"predecessor-version":[{"id":16439,"href":"https:\/\/www.egemtv.com\/index.php?rest_route=\/wp\/v2\/posts\/16437\/revisions\/16439"}],"wp:featuredmedia":[{"embeddable":true,"href":"https:\/\/www.egemtv.com\/index.php?rest_route=\/wp\/v2\/media\/16438"}],"wp:attachment":[{"href":"https:\/\/www.egemtv.com\/index.php?rest_route=%2Fwp%2Fv2%2Fmedia&parent=16437"}],"wp:term":[{"taxonomy":"category","embeddable":true,"href":"https:\/\/www.egemtv.com\/index.php?rest_route=%2Fwp%2Fv2%2Fcategories&post=16437"},{"taxonomy":"post_tag","embeddable":true,"href":"https:\/\/www.egemtv.com\/index.php?rest_route=%2Fwp%2Fv2%2Ftags&post=16437"}],"curies":[{"name":"wp","href":"https:\/\/api.w.org\/{rel}","templated":true}]}}